{"id":958,"date":"2024-05-24T15:30:50","date_gmt":"2024-05-24T12:30:50","guid":{"rendered":"https:\/\/rakastampere.fi\/jasenille\/?p=958"},"modified":"2024-05-24T15:30:52","modified_gmt":"2024-05-24T12:30:52","slug":"tampereen-keskusta-on-suomen-elinvoimaisin-jo-toista-vuotta-perakkain","status":"publish","type":"post","link":"https:\/\/rakastampere.fi\/jasenille\/tampereen-keskusta-on-suomen-elinvoimaisin-jo-toista-vuotta-perakkain\/","title":{"rendered":"Tampereen keskusta on Suomen elinvoimaisin jo toista vuotta per\u00e4kk\u00e4in"},"content":{"rendered":"\n<figure class=\"wp-block-table\"><table><tbody><tr><td><em><a href=\"https:\/\/www.tampere.fi\/ajankohtaista\/2024\/05\/24\/tampereen-keskusta-on-suomen-elinvoimaisin-jo-toista-vuotta-perakkain?utm_source=hs_email&amp;utm_medium=email&amp;_hsenc=p2ANqtz--PSWnoj6RdZFSJpNNolmCt1P18itM1K1oID_nITt62yZYWHksjSiBzount2sxFAGKrHI7O\" target=\"_blank\" rel=\"noreferrer noopener\">Tampereen keskustan kehitt\u00e4minen<\/a>\u00a0sai tunnustusta: El\u00e4v\u00e4t Kaupunkikeskustat (EKK) ry:n valtakunnallisen vertailun mukaan Tampere on elinvoimaisuudeltaan maamme kaupunkikeskustojen ykk\u00f6nen. My\u00f6s keskustassa asuvien, ty\u00f6skentelevien, asioivien tai muuten liikkuvien ihmisen m\u00e4\u00e4r\u00e4t ovat tuoreiden tilastolukujen ja selvitysten mukaan nousussa.<\/em><br><br><strong>Strateginen keskustakehitt\u00e4minen on tuottanut tulosta<\/strong><br>Tampereen kaupunki on jo yli kymmenen vuoden ajan eritt\u00e4in m\u00e4\u00e4r\u00e4tietoisesti vahvistanut syit\u00e4 tulla kaupunkikeskustaan ja viihty\u00e4 siell\u00e4. Asuminen, ty\u00f6paikat, vapaa-aika ja tapahtumat, kaupalliset palvelut, matkailu ja hyv\u00e4 saavutettavuus on viritetty tukemaan toinen toisiaan. Kokonaisuuteen vaikuttaneita suurimpia strategisia k\u00e4rkihankkeita ovat olleet Ratinan kauppakeskus, rantatunneli, Ratinanrannan ja Ranta-Tampellan asuinalueet, raitiotie ja H\u00e4meenkadun saneeraus sek\u00e4 Nokia Arena ja Tammelan stadion.\u00a0<br><br>Tampereen keskusta elinvoimaistuukin nyt enn\u00e4tysvauhtia. Kaupungin omien seurantatietojen mukaan sek\u00e4 asukkaiden ett\u00e4 ty\u00f6paikkojen m\u00e4\u00e4r\u00e4\u00e4 on onnistuttu kasvattamaan nopeasti. \u00a0Asukasluvussa iso nousu oli vuonna 2023, jolloin keskustaan muutti 1 396 uutta ihmist\u00e4. Ty\u00f6paikkojen m\u00e4\u00e4r\u00e4ss\u00e4 enn\u00e4tyksellinen oli edelt\u00e4v\u00e4 vuosi 2022, jolloin keskustaan tilastoitiin 2 278 uutta ty\u00f6paikkaa. Molempien taustalla on aktiivinen uudis- ja t\u00e4ydennysrakentaminen osana keskustan kaupunkikehitt\u00e4mist\u00e4.\u00a0<br><br>Kaupunki seuraa lukuja vuosittain osana kaupunginhallituksen hyv\u00e4ksym\u00e4\u00e4 Tampereen keskusta 2040 -kehitt\u00e4misohjelmaa, jonka tavoitteena on kaikkiaan 55 000 asukasta ja 55 000 ty\u00f6paikkaa.\u00a0<br>&#8211; Hyv\u00e4t kasvuluvut kertovat siit\u00e4, ett\u00e4 strateginen satsaus keskustaan on kannattanut. Olemme iloisesti yll\u00e4ttyneit\u00e4 n\u00e4in hyv\u00e4st\u00e4 kehityksest\u00e4, josta haluamme kiitt\u00e4\u00e4 aktiivisia ihmisi\u00e4, yrityksi\u00e4, kiinteist\u00f6nomistajia sek\u00e4 rakentajia, toteaa Viiden t\u00e4hden keskusta -kehitysohjelman hankejohtaja\u00a0<strong>Tero Tenhunen<\/strong>. \u00a0\u00a0<br><br><strong>Kaupallisesti vahva keskusta houkuttelee k\u00e4vij\u00f6it\u00e4\u00a0\u00a0<\/strong><br>Tampereen kaupungin teett\u00e4m\u00e4t, juuri valmistuneet kaksi selvityst\u00e4 kertovat kaupallisen keskustan s\u00e4ilytt\u00e4neen hyvin elinvoimansa ja keskustan k\u00e4yntim\u00e4\u00e4rien olevan koronapandemian j\u00e4lkeen kasvussa.\u00a0<br><br>Liiketilojen m\u00e4\u00e4r\u00e4st\u00e4 ja ominaisuuksista kertovan vuosittaisen selvityksen perusteella Tampereen kaupallisen keskustan tilanne on vakaa ja kaupallisen keskustan ns.\u00a0<a href=\"https:\/\/www.tampere.fi\/sites\/default\/files\/2023-05\/Elinvoimalaskennan%20tulokset%20-%20Tampere%20H1%202023.pdf?utm_source=hs_email&amp;utm_medium=email&amp;_hsenc=p2ANqtz--PSWnoj6RdZFSJpNNolmCt1P18itM1K1oID_nITt62yZYWHksjSiBzount2sxFAGKrHI7O\" target=\"_blank\" rel=\"noreferrer noopener\">EKK-elinvoimaluku 2024<\/a>\u00a0hyv\u00e4 (3,440). Liiketiloissa vuoden aikana tapahtuneet muutokset ovat melko v\u00e4h\u00e4isi\u00e4. Kokonaan uusia liiketiloja on avattu esimerkiksi Tammelan stadionin kortteliin. \u00a0Ravintoloiden m\u00e4\u00e4r\u00e4 nousi Tampereen keskustassa enn\u00e4tyslukemiin. Niit\u00e4 on keskustassa nyt 387 kpl. T\u00e4m\u00e4 on suhteessa liiketilojen kokonaism\u00e4\u00e4r\u00e4\u00e4n enemm\u00e4n kuin miss\u00e4\u00e4n muussa Suomen kaupunkikeskustassa. El\u00e4v\u00e4t Kaupunkikeskustat ry:n t\u00e4n\u00e4\u00e4n julkistamassa 35 kaupungin vertailussa Tampere s\u00e4ilytti k\u00e4rkipaikkansa Suomen elinvoimaykk\u00f6sen\u00e4.\u00a0<br><br>Tampere teetti toista kertaa\u00a0<a href=\"https:\/\/www.tampere.fi\/sites\/default\/files\/2023-05\/2023%2004%2006_Nortecon%20El%C3%A4vyysindeksi%20TAMPERE%2020230406.pdf?utm_source=hs_email&amp;utm_medium=email&amp;_hsenc=p2ANqtz--PSWnoj6RdZFSJpNNolmCt1P18itM1K1oID_nITt62yZYWHksjSiBzount2sxFAGKrHI7O\" target=\"_blank\" rel=\"noreferrer noopener\">selvityksen matkapuhelindatan<\/a>\u00a0avulla keskustassa liikkuvien ihmisten m\u00e4\u00e4r\u00e4st\u00e4. Tutkimuksessa tarkasteltiin ihmisten k\u00e4yntej\u00e4 ja asiointeja keskustassa vuosina 2019, 2022 ja 2023. Tutkimusalueita oli kaksi: kaupallinen keskusta ja Tampereen keskusta 2040 -kehitt\u00e4misohjelman alue. Merkitt\u00e4v\u00e4 tulos oli, ett\u00e4 keskustassa liikkuvien ihmisten m\u00e4\u00e4r\u00e4 on koronapandemian j\u00e4lkeen k\u00e4\u00e4ntynyt nyt nousuun. Vuonna 2023 kaupallisen keskustan k\u00e4vij\u00e4m\u00e4\u00e4r\u00e4 oli 49,6 miljoonaa, joka oli 2,5 miljoonaa enemm\u00e4n kuin vuonna 2022. Asiointeihin k\u00e4ytetty kokonaisaika lis\u00e4\u00e4ntyi 2023 kahdeksan prosenttia vuoteen 2022 verrattuna. P\u00e4ivitt\u00e4iset k\u00e4vij\u00e4m\u00e4\u00e4r\u00e4t olivat keskim\u00e4\u00e4rin en\u00e4\u00e4 11 % pienemm\u00e4t kuin vuonna 2019 ennen koronapandemiaa, mik\u00e4 vastaa vuositasolla noin 6,2 miljoonaa k\u00e4vij\u00e4\u00e4. Selvityksen tehneiden tutkijoiden mukaan keskustoihin saapuneiden ihmisten k\u00e4ytt\u00e4ytyminen on yleisesti muuttunut viimeisen viiden vuoden aikana. \u00a0Nyky\u00e4\u00e4n vierailuissa korostuvat 5\u201320 minuutin pikak\u00e4ynnit pidemm\u00e4n viipymisen sijaan.<br><br><strong>Keskustan kehitt\u00e4minen jatkuu my\u00f6s tulevaisuudessa\u00a0<\/strong><br>Tampereen kaupunki jatkaa keskustan vetovoiman strategista kasvattamista. Tulevina vuosina suurta muutosta ja kaupunkikuvan kehityst\u00e4 n\u00e4hd\u00e4\u00e4n muun muassa asemanseudulla sek\u00e4 Viinikanlahden ja S\u00e4rk\u00e4nniemen alueilla. \u00a0Isojen kokonaisuuksien lis\u00e4ksi Tampereen kaupunki ja monet yksityiset toimijat kehitt\u00e4v\u00e4t kaupunkikeskustaa monin yksitt\u00e4isin ja pienin hankkein.<br>&#8211; El\u00e4v\u00e4 ja elinvoimainen keskusta on Tampereella kaikkien yhteinen asia, summaa Tenhunen.\u00a0<br><br><em>Tampereen keskustan seurantaj\u00e4rjestelm\u00e4ss\u00e4 tarkastellaan keskustan kehittymist\u00e4 t\u00e4rkeimpien demografisten ja kaupunkikehitt\u00e4miseen liittyvien tunnuslukujen ja tietojen avulla. Seurantaj\u00e4rjestelm\u00e4\u00e4 k\u00e4ytet\u00e4\u00e4n mm. Viiden t\u00e4hden keskusta -kehitysohjelman t\u00e4rkeimpien tavoitteiden toteutumisen arvioinnissa ja tulevan suunnittelussa.<\/em>\u00a0<br><br><em>Keskustan El\u00e4vyysindeksi on Nortecon Oy:n mittaus- ja analyysimenetelm\u00e4, joka hy\u00f6dynt\u00e4\u00e4 Telian mobiiliverkkodataa, joka perustuu yli 2 miljoonaan Telian liittym\u00e4\u00e4n. Mittauksessa yksitt\u00e4isen henkil\u00f6n tiedot ovat anonyymej\u00e4.<\/em><br><em>EKK-elinvoimaluku on El\u00e4v\u00e4t Kaupunkikeskustat ry:n kehitt\u00e4m\u00e4 ja Voittajakaupungit Oy:n (ent. Salokorpi Oy) toteuttama laskutapa, joka muodostuu kauppojen ja ravintoloiden m\u00e4\u00e4r\u00e4st\u00e4 v\u00e4hennettyn\u00e4 tyhjill\u00e4 liiketiloilla, ja luku on suhteutettu asukaslukuun.\u00a0<\/em>\u00a0<br><br><strong>Lis\u00e4tiedot:<\/strong><br>Tutustu selvityksiin keskustan kehitysohjelman vekkosivuilta:\u00a0<br><a href=\"https:\/\/www.tampere.fi\/organisaatio\/viiden-tahden-keskusta-kehitysohjelma?utm_source=hs_email&amp;utm_medium=email&amp;_hsenc=p2ANqtz--PSWnoj6RdZFSJpNNolmCt1P18itM1K1oID_nITt62yZYWHksjSiBzount2sxFAGKrHI7O\" target=\"_blank\" rel=\"noreferrer noopener\">&gt; Viiden t\u00e4hden keskusta -kehitysohjelma<\/a><br><br>hankekehitysp\u00e4\u00e4llikk\u00f6\u00a0<br><strong>Minna Sepp\u00e4nen<\/strong><br>Tampereen kaupunki<br>p. 040 150 9857<\/td><\/tr><\/tbody><\/table><\/figure>\n\n\n","protected":false},"excerpt":{"rendered":"<p>Tampereen keskustan kehitt\u00e4minen\u00a0sai tunnustusta: El\u00e4v\u00e4t Kaupunkikeskustat (EKK) ry:n valtakunnallisen vertailun mukaan Tampere on elinvoimaisuudeltaan maamme kaupunkikeskustojen ykk\u00f6nen. My\u00f6s keskustassa asuvien, ty\u00f6skentelevien, asioivien tai muuten liikkuvien ihmisen m\u00e4\u00e4r\u00e4t ovat tuoreiden tilastolukujen ja selvitysten mukaan nousussa. Strateginen keskustakehitt\u00e4minen on tuottanut tulostaTampereen kaupunki on jo yli kymmenen vuoden ajan eritt\u00e4in m\u00e4\u00e4r\u00e4tietoisesti vahvistanut syit\u00e4 tulla kaupunkikeskustaan ja viihty\u00e4 siell\u00e4. [&hellip;]<\/p>\n","protected":false},"author":4,"featured_media":959,"comment_status":"open","ping_status":"open","sticky":false,"template":"","format":"standard","meta":{"_acf_changed":false,"content-type":"","footnotes":""},"categories":[1],"tags":[29,28],"class_list":["post-958","post","type-post","status-publish","format-standard","has-post-thumbnail","hentry","category-yleinen","tag-elinvoima","tag-tampere"],"acf":[],"aioseo_notices":[],"_links":{"self":[{"href":"https:\/\/rakastampere.fi\/jasenille\/wp-json\/wp\/v2\/posts\/958","targetHints":{"allow":["GET"]}}],"collection":[{"href":"https:\/\/rakastampere.fi\/jasenille\/wp-json\/wp\/v2\/posts"}],"about":[{"href":"https:\/\/rakastampere.fi\/jasenille\/wp-json\/wp\/v2\/types\/post"}],"author":[{"embeddable":true,"href":"https:\/\/rakastampere.fi\/jasenille\/wp-json\/wp\/v2\/users\/4"}],"replies":[{"embeddable":true,"href":"https:\/\/rakastampere.fi\/jasenille\/wp-json\/wp\/v2\/comments?post=958"}],"version-history":[{"count":1,"href":"https:\/\/rakastampere.fi\/jasenille\/wp-json\/wp\/v2\/posts\/958\/revisions"}],"predecessor-version":[{"id":960,"href":"https:\/\/rakastampere.fi\/jasenille\/wp-json\/wp\/v2\/posts\/958\/revisions\/960"}],"wp:featuredmedia":[{"embeddable":true,"href":"https:\/\/rakastampere.fi\/jasenille\/wp-json\/wp\/v2\/media\/959"}],"wp:attachment":[{"href":"https:\/\/rakastampere.fi\/jasenille\/wp-json\/wp\/v2\/media?parent=958"}],"wp:term":[{"taxonomy":"category","embeddable":true,"href":"https:\/\/rakastampere.fi\/jasenille\/wp-json\/wp\/v2\/categories?post=958"},{"taxonomy":"post_tag","embeddable":true,"href":"https:\/\/rakastampere.fi\/jasenille\/wp-json\/wp\/v2\/tags?post=958"}],"curies":[{"name":"wp","href":"https:\/\/api.w.org\/{rel}","templated":true}]}}