{"id":923,"date":"2024-05-06T13:40:07","date_gmt":"2024-05-06T10:40:07","guid":{"rendered":"https:\/\/rakastampere.fi\/jasenille\/?p=923"},"modified":"2024-05-06T13:40:10","modified_gmt":"2024-05-06T10:40:10","slug":"lahde-mukaan-joulukampanjaan","status":"publish","type":"post","link":"https:\/\/rakastampere.fi\/jasenille\/lahde-mukaan-joulukampanjaan\/","title":{"rendered":"L\u00e4hde mukaan joulukampanjaan"},"content":{"rendered":"\n<p>Tampere Tunnetuksi ry:n kutsuu kaikkia j\u00e4seni\u00e4\u00e4n kampanjoimaan tulevana joulusesonkina 2024. Luodaan yhdess\u00e4 kutsuva tunnelmallinen Tampereen ydinkeskusta, jossa on kiinnostavia tapahtumia ja mielenkiintoisia ostoskohteita.<\/p>\n\n\n\n<p>Joulun 2024 markkinointikokonaisuus koostuu nelj\u00e4st\u00e4 osasta: Yhteisest\u00e4 joululehdest\u00e4, Kaunein Jouluikkuna -kilpailusta, sosiaalisen median suositusta joulukalenteriarvonnasta ja perinteisest\u00e4 joulunavauksesta ja jouluparaatista lauantaina 23.11.2024.<\/p>\n\n\n\n<p><a href=\"https:\/\/rakastampere.fi\/jasenille\/joulu-tampere-2024\/\" title=\"\">Lue lis\u00e4\u00e4!<\/a><\/p>\n","protected":false},"excerpt":{"rendered":"<p>Tampere Tunnetuksi ry:n kutsuu kaikkia j\u00e4seni\u00e4\u00e4n kampanjoimaan tulevana joulusesonkina 2024. Luodaan yhdess\u00e4 kutsuva tunnelmallinen Tampereen ydinkeskusta, jossa on kiinnostavia tapahtumia ja mielenkiintoisia ostoskohteita. Joulun 2024 markkinointikokonaisuus koostuu nelj\u00e4st\u00e4 osasta: Yhteisest\u00e4 joululehdest\u00e4, Kaunein Jouluikkuna -kilpailusta, sosiaalisen median suositusta joulukalenteriarvonnasta ja perinteisest\u00e4 joulunavauksesta ja jouluparaatista lauantaina 23.11.2024. Lue lis\u00e4\u00e4!<\/p>\n","protected":false},"author":5,"featured_media":891,"comment_status":"open","ping_status":"open","sticky":false,"template":"","format":"standard","meta":{"_acf_changed":false,"content-type":"","footnotes":""},"categories":[1],"tags":[],"class_list":["post-923","post","type-post","status-publish","format-standard","has-post-thumbnail","hentry","category-yleinen"],"acf":[],"aioseo_notices":[],"_links":{"self":[{"href":"https:\/\/rakastampere.fi\/jasenille\/wp-json\/wp\/v2\/posts\/923","targetHints":{"allow":["GET"]}}],"collection":[{"href":"https:\/\/rakastampere.fi\/jasenille\/wp-json\/wp\/v2\/posts"}],"about":[{"href":"https:\/\/rakastampere.fi\/jasenille\/wp-json\/wp\/v2\/types\/post"}],"author":[{"embeddable":true,"href":"https:\/\/rakastampere.fi\/jasenille\/wp-json\/wp\/v2\/users\/5"}],"replies":[{"embeddable":true,"href":"https:\/\/rakastampere.fi\/jasenille\/wp-json\/wp\/v2\/comments?post=923"}],"version-history":[{"count":1,"href":"https:\/\/rakastampere.fi\/jasenille\/wp-json\/wp\/v2\/posts\/923\/revisions"}],"predecessor-version":[{"id":924,"href":"https:\/\/rakastampere.fi\/jasenille\/wp-json\/wp\/v2\/posts\/923\/revisions\/924"}],"wp:featuredmedia":[{"embeddable":true,"href":"https:\/\/rakastampere.fi\/jasenille\/wp-json\/wp\/v2\/media\/891"}],"wp:attachment":[{"href":"https:\/\/rakastampere.fi\/jasenille\/wp-json\/wp\/v2\/media?parent=923"}],"wp:term":[{"taxonomy":"category","embeddable":true,"href":"https:\/\/rakastampere.fi\/jasenille\/wp-json\/wp\/v2\/categories?post=923"},{"taxonomy":"post_tag","embeddable":true,"href":"https:\/\/rakastampere.fi\/jasenille\/wp-json\/wp\/v2\/tags?post=923"}],"curies":[{"name":"wp","href":"https:\/\/api.w.org\/{rel}","templated":true}]}}