{"id":870,"date":"2024-04-10T14:27:05","date_gmt":"2024-04-10T11:27:05","guid":{"rendered":"https:\/\/rakastampere.fi\/jasenille\/?p=870"},"modified":"2024-04-10T14:28:10","modified_gmt":"2024-04-10T11:28:10","slug":"varaa-paikkasi-mediakoulutukseen","status":"publish","type":"post","link":"https:\/\/rakastampere.fi\/jasenille\/varaa-paikkasi-mediakoulutukseen\/","title":{"rendered":"Varaa paikkasi mediakoulutukseen"},"content":{"rendered":"\n<p>Tampere Tunnetuksi ry j\u00e4rjest\u00e4\u00e4 j\u00e4senilleen koulutukseen, jossa kuullaan vinkit hyvien mediasuhteiden luomiseen! Saat konkreettisin esimerkein apua hyv\u00e4n tiedotteen luomiseen ja kuulet muun muassa, mit\u00e4 oikeuksia sinulla on ennen lehtiartikkelin julkaisemista ja sen j\u00e4lkeen. <\/p>\n\n\n\n<p>Ilmoittaudu mukaan muutaman tunnin koulutukseen torstaina 16.5. klo 8.15-11.00. Kouluttajana toimii viestinn\u00e4n asiantuntija Janica Brander. <\/p>\n\n\n\n<p>Hinta vain 35\u20ac+ alv \/hl\u00f6<\/p>\n\n\n\n<p><a href=\"https:\/\/rakastampere.fi\/jasenille\/mediakoulutus\/\" title=\"\">Lis\u00e4tiedot ja ilmoittautumislomake t\u00e4st\u00e4!<\/a><\/p>\n","protected":false},"excerpt":{"rendered":"<p>Tampere Tunnetuksi ry j\u00e4rjest\u00e4\u00e4 j\u00e4senilleen koulutukseen, jossa kuullaan vinkit hyvien mediasuhteiden luomiseen! Saat konkreettisin esimerkein apua hyv\u00e4n tiedotteen luomiseen ja kuulet muun muassa, mit\u00e4 oikeuksia sinulla on ennen lehtiartikkelin julkaisemista ja sen j\u00e4lkeen. Ilmoittaudu mukaan muutaman tunnin koulutukseen torstaina 16.5. klo 8.15-11.00. Kouluttajana toimii viestinn\u00e4n asiantuntija Janica Brander. Hinta vain 35\u20ac+ alv \/hl\u00f6 Lis\u00e4tiedot ja [&hellip;]<\/p>\n","protected":false},"author":5,"featured_media":860,"comment_status":"open","ping_status":"open","sticky":false,"template":"","format":"standard","meta":{"_acf_changed":false,"content-type":"","footnotes":""},"categories":[1],"tags":[],"class_list":["post-870","post","type-post","status-publish","format-standard","has-post-thumbnail","hentry","category-yleinen"],"acf":[],"aioseo_notices":[],"_links":{"self":[{"href":"https:\/\/rakastampere.fi\/jasenille\/wp-json\/wp\/v2\/posts\/870","targetHints":{"allow":["GET"]}}],"collection":[{"href":"https:\/\/rakastampere.fi\/jasenille\/wp-json\/wp\/v2\/posts"}],"about":[{"href":"https:\/\/rakastampere.fi\/jasenille\/wp-json\/wp\/v2\/types\/post"}],"author":[{"embeddable":true,"href":"https:\/\/rakastampere.fi\/jasenille\/wp-json\/wp\/v2\/users\/5"}],"replies":[{"embeddable":true,"href":"https:\/\/rakastampere.fi\/jasenille\/wp-json\/wp\/v2\/comments?post=870"}],"version-history":[{"count":2,"href":"https:\/\/rakastampere.fi\/jasenille\/wp-json\/wp\/v2\/posts\/870\/revisions"}],"predecessor-version":[{"id":872,"href":"https:\/\/rakastampere.fi\/jasenille\/wp-json\/wp\/v2\/posts\/870\/revisions\/872"}],"wp:featuredmedia":[{"embeddable":true,"href":"https:\/\/rakastampere.fi\/jasenille\/wp-json\/wp\/v2\/media\/860"}],"wp:attachment":[{"href":"https:\/\/rakastampere.fi\/jasenille\/wp-json\/wp\/v2\/media?parent=870"}],"wp:term":[{"taxonomy":"category","embeddable":true,"href":"https:\/\/rakastampere.fi\/jasenille\/wp-json\/wp\/v2\/categories?post=870"},{"taxonomy":"post_tag","embeddable":true,"href":"https:\/\/rakastampere.fi\/jasenille\/wp-json\/wp\/v2\/tags?post=870"}],"curies":[{"name":"wp","href":"https:\/\/api.w.org\/{rel}","templated":true}]}}