{"id":806,"date":"2024-02-06T13:35:37","date_gmt":"2024-02-06T11:35:37","guid":{"rendered":"https:\/\/rakastampere.fi\/jasenille\/?p=806"},"modified":"2024-02-06T13:47:38","modified_gmt":"2024-02-06T11:47:38","slug":"lantisen-keskustan-kulttuurikehan-toinen-tyopaja-21-2","status":"publish","type":"post","link":"https:\/\/rakastampere.fi\/jasenille\/lantisen-keskustan-kulttuurikehan-toinen-tyopaja-21-2\/","title":{"rendered":"L\u00e4ntisen keskustan Kulttuurikeh\u00e4n toinen ty\u00f6paja 21.2."},"content":{"rendered":"\n<p>Tervetuloa Tampereen l\u00e4ntisen keskustan yritykset Kulttuurikeh\u00e4n toiseen ideointity\u00f6pajaan keskiviikkona 21.2.2024.  <\/p>\n\n\n\n<p>Lue lis\u00e4\u00e4 ja ilmoittaudu <a href=\"https:\/\/rakastampere.fi\/jasenille\/kulttuurikeha_tyopaja2\/\" title=\"\">&gt;t\u00e4\u00e4lt\u00e4<\/a><\/p>\n","protected":false},"excerpt":{"rendered":"<p>Tervetuloa Tampereen l\u00e4ntisen keskustan yritykset Kulttuurikeh\u00e4n toiseen ideointity\u00f6pajaan keskiviikkona 21.2.2024. Lue lis\u00e4\u00e4 ja ilmoittaudu &gt;t\u00e4\u00e4lt\u00e4<\/p>\n","protected":false},"author":4,"featured_media":338,"comment_status":"open","ping_status":"open","sticky":false,"template":"","format":"standard","meta":{"_acf_changed":false,"content-type":"","footnotes":""},"categories":[1],"tags":[17,24],"class_list":["post-806","post","type-post","status-publish","format-standard","has-post-thumbnail","hentry","category-yleinen","tag-kulttuurikeha","tag-tyopaja"],"acf":[],"aioseo_notices":[],"_links":{"self":[{"href":"https:\/\/rakastampere.fi\/jasenille\/wp-json\/wp\/v2\/posts\/806","targetHints":{"allow":["GET"]}}],"collection":[{"href":"https:\/\/rakastampere.fi\/jasenille\/wp-json\/wp\/v2\/posts"}],"about":[{"href":"https:\/\/rakastampere.fi\/jasenille\/wp-json\/wp\/v2\/types\/post"}],"author":[{"embeddable":true,"href":"https:\/\/rakastampere.fi\/jasenille\/wp-json\/wp\/v2\/users\/4"}],"replies":[{"embeddable":true,"href":"https:\/\/rakastampere.fi\/jasenille\/wp-json\/wp\/v2\/comments?post=806"}],"version-history":[{"count":1,"href":"https:\/\/rakastampere.fi\/jasenille\/wp-json\/wp\/v2\/posts\/806\/revisions"}],"predecessor-version":[{"id":807,"href":"https:\/\/rakastampere.fi\/jasenille\/wp-json\/wp\/v2\/posts\/806\/revisions\/807"}],"wp:featuredmedia":[{"embeddable":true,"href":"https:\/\/rakastampere.fi\/jasenille\/wp-json\/wp\/v2\/media\/338"}],"wp:attachment":[{"href":"https:\/\/rakastampere.fi\/jasenille\/wp-json\/wp\/v2\/media?parent=806"}],"wp:term":[{"taxonomy":"category","embeddable":true,"href":"https:\/\/rakastampere.fi\/jasenille\/wp-json\/wp\/v2\/categories?post=806"},{"taxonomy":"post_tag","embeddable":true,"href":"https:\/\/rakastampere.fi\/jasenille\/wp-json\/wp\/v2\/tags?post=806"}],"curies":[{"name":"wp","href":"https:\/\/api.w.org\/{rel}","templated":true}]}}