{"id":621,"date":"2023-11-28T14:09:58","date_gmt":"2023-11-28T12:09:58","guid":{"rendered":"https:\/\/rakastampere.fi\/jasenille\/?p=621"},"modified":"2023-11-28T14:10:22","modified_gmt":"2023-11-28T12:10:22","slug":"kulttuurikehan-yritysverkoston-aamustartti","status":"publish","type":"post","link":"https:\/\/rakastampere.fi\/jasenille\/kulttuurikehan-yritysverkoston-aamustartti\/","title":{"rendered":"Kulttuurikeh\u00e4n yritysverkoston aamustartti"},"content":{"rendered":"\n<p><strong>keskiviikkona 13.12.2023, klo 8.30-11<\/strong><br><strong>Ty\u00f6v\u00e4enmuseo Werstas, Bertel -salissa<\/strong><\/p>\n\n\n\n<p>Tampereelle ideoitu Kulttuurikeh\u00e4 siirtyy seuraavaan vaiheeseen.<br>Tule mukaan kuulemaan ja innostumaan!<\/p>\n\n\n\n<p>T\u00e4m\u00e4 kutsu on erityisesti l\u00e4ntisen keskusta-alueen kivijalkayrityksille,<br>kulttuurin freelancereille sek\u00e4 yleisesti Kulttuurikeh\u00e4st\u00e4<br>kiinnostuneille.<\/p>\n\n\n\n<p>Ilmoittaudu rohkeasti mukaan:<br><a href=\"https:\/\/rakastampere.fi\/jasenille\/kulttuurikeha\/\" target=\"_blank\" rel=\"noopener\" title=\"\">rakastampere.fi\/jasenille\/kulttuurikeha<\/a><\/p>\n","protected":false},"excerpt":{"rendered":"<p>keskiviikkona 13.12.2023, klo 8.30-11Ty\u00f6v\u00e4enmuseo Werstas, Bertel -salissa Tampereelle ideoitu Kulttuurikeh\u00e4 siirtyy seuraavaan vaiheeseen.Tule mukaan kuulemaan ja innostumaan! T\u00e4m\u00e4 kutsu on erityisesti l\u00e4ntisen keskusta-alueen kivijalkayrityksille,kulttuurin freelancereille sek\u00e4 yleisesti Kulttuurikeh\u00e4st\u00e4kiinnostuneille. Ilmoittaudu rohkeasti mukaan:rakastampere.fi\/jasenille\/kulttuurikeha<\/p>\n","protected":false},"author":4,"featured_media":622,"comment_status":"open","ping_status":"open","sticky":false,"template":"","format":"standard","meta":{"_acf_changed":false,"content-type":"","footnotes":""},"categories":[1],"tags":[19,17,18],"class_list":["post-621","post","type-post","status-publish","format-standard","has-post-thumbnail","hentry","category-yleinen","tag-aamustartti","tag-kulttuurikeha","tag-lantinenkeskusta"],"acf":[],"aioseo_notices":[],"_links":{"self":[{"href":"https:\/\/rakastampere.fi\/jasenille\/wp-json\/wp\/v2\/posts\/621","targetHints":{"allow":["GET"]}}],"collection":[{"href":"https:\/\/rakastampere.fi\/jasenille\/wp-json\/wp\/v2\/posts"}],"about":[{"href":"https:\/\/rakastampere.fi\/jasenille\/wp-json\/wp\/v2\/types\/post"}],"author":[{"embeddable":true,"href":"https:\/\/rakastampere.fi\/jasenille\/wp-json\/wp\/v2\/users\/4"}],"replies":[{"embeddable":true,"href":"https:\/\/rakastampere.fi\/jasenille\/wp-json\/wp\/v2\/comments?post=621"}],"version-history":[{"count":2,"href":"https:\/\/rakastampere.fi\/jasenille\/wp-json\/wp\/v2\/posts\/621\/revisions"}],"predecessor-version":[{"id":624,"href":"https:\/\/rakastampere.fi\/jasenille\/wp-json\/wp\/v2\/posts\/621\/revisions\/624"}],"wp:featuredmedia":[{"embeddable":true,"href":"https:\/\/rakastampere.fi\/jasenille\/wp-json\/wp\/v2\/media\/622"}],"wp:attachment":[{"href":"https:\/\/rakastampere.fi\/jasenille\/wp-json\/wp\/v2\/media?parent=621"}],"wp:term":[{"taxonomy":"category","embeddable":true,"href":"https:\/\/rakastampere.fi\/jasenille\/wp-json\/wp\/v2\/categories?post=621"},{"taxonomy":"post_tag","embeddable":true,"href":"https:\/\/rakastampere.fi\/jasenille\/wp-json\/wp\/v2\/tags?post=621"}],"curies":[{"name":"wp","href":"https:\/\/api.w.org\/{rel}","templated":true}]}}