{"id":559,"date":"2023-11-08T00:22:27","date_gmt":"2023-11-07T22:22:27","guid":{"rendered":"https:\/\/rakastampere.fi\/jasenille\/?p=559"},"modified":"2023-12-05T09:58:43","modified_gmt":"2023-12-05T07:58:43","slug":"raatihuoneen-joulupuurot","status":"publish","type":"post","link":"https:\/\/rakastampere.fi\/jasenille\/raatihuoneen-joulupuurot\/","title":{"rendered":"Raatihuoneen joulupuurot"},"content":{"rendered":"\n<p>Kutsu Tampere Tunnetuksi ry:n j\u00e4senille Raatihuoneelle tiistaina 19.12. kello 8.30 alkaen joulupuurotilaisuuteen.  Tilaisuus p\u00e4\u00e4ttyy kello 10.<\/p>\n\n\n\n<p>Ohjelmassa:<\/p>\n\n\n\n<ul class=\"wp-block-list\">\n<li>Vuoden J\u00e4senyrityksen 2023 julkistus, Tampere Tunnetuksi ry<\/li>\n\n\n\n<li>Tampereen lyhyt historia tulevaisuuteen, hankejohtaja Tero Tenhunen, Tampereen kaupunki<\/li>\n\n\n\n<li>Verkostoitumista ja keskustelua ajankohtaisista asiosta<\/li>\n<\/ul>\n\n\n\n<p><strong>Tervetuloa! <\/strong><\/p>\n\n\n\n<p>Kutsu on kahdelle henkil\u00f6lle \/ j\u00e4senyritys. <br>Tilaisuus on maksuton.<br>Ilmoittautuminen p\u00e4\u00e4ttyy 14.12. tai kun tilaisuus on t\u00e4ynn\u00e4.<\/p>\n\n\n\n<p><\/p>\n\n\n\n<p><em>Tilaisuus on t\u00e4ynn\u00e4.<br>Ilmoittautuneita on l\u00e4hes 100.<\/em><\/p>\n\n\n\n<p><\/p>\n","protected":false},"excerpt":{"rendered":"<p>Kutsu Tampere Tunnetuksi ry:n j\u00e4senille Raatihuoneelle tiistaina 19.12. kello 8.30 alkaen joulupuurotilaisuuteen. Tilaisuus p\u00e4\u00e4ttyy kello 10. Ohjelmassa: Tervetuloa! Kutsu on kahdelle henkil\u00f6lle \/ j\u00e4senyritys. Tilaisuus on maksuton.Ilmoittautuminen p\u00e4\u00e4ttyy 14.12. tai kun tilaisuus on t\u00e4ynn\u00e4. Tilaisuus on t\u00e4ynn\u00e4.Ilmoittautuneita on l\u00e4hes 100.<\/p>\n","protected":false},"author":4,"featured_media":561,"comment_status":"open","ping_status":"open","sticky":false,"template":"","format":"standard","meta":{"_acf_changed":false,"content-type":"","footnotes":""},"categories":[1],"tags":[11,13,12],"class_list":["post-559","post","type-post","status-publish","format-standard","has-post-thumbnail","hentry","category-yleinen","tag-jasentilaisuus","tag-joulupuuro","tag-vuodenjasenyritys"],"acf":[],"aioseo_notices":[],"_links":{"self":[{"href":"https:\/\/rakastampere.fi\/jasenille\/wp-json\/wp\/v2\/posts\/559","targetHints":{"allow":["GET"]}}],"collection":[{"href":"https:\/\/rakastampere.fi\/jasenille\/wp-json\/wp\/v2\/posts"}],"about":[{"href":"https:\/\/rakastampere.fi\/jasenille\/wp-json\/wp\/v2\/types\/post"}],"author":[{"embeddable":true,"href":"https:\/\/rakastampere.fi\/jasenille\/wp-json\/wp\/v2\/users\/4"}],"replies":[{"embeddable":true,"href":"https:\/\/rakastampere.fi\/jasenille\/wp-json\/wp\/v2\/comments?post=559"}],"version-history":[{"count":8,"href":"https:\/\/rakastampere.fi\/jasenille\/wp-json\/wp\/v2\/posts\/559\/revisions"}],"predecessor-version":[{"id":632,"href":"https:\/\/rakastampere.fi\/jasenille\/wp-json\/wp\/v2\/posts\/559\/revisions\/632"}],"wp:featuredmedia":[{"embeddable":true,"href":"https:\/\/rakastampere.fi\/jasenille\/wp-json\/wp\/v2\/media\/561"}],"wp:attachment":[{"href":"https:\/\/rakastampere.fi\/jasenille\/wp-json\/wp\/v2\/media?parent=559"}],"wp:term":[{"taxonomy":"category","embeddable":true,"href":"https:\/\/rakastampere.fi\/jasenille\/wp-json\/wp\/v2\/categories?post=559"},{"taxonomy":"post_tag","embeddable":true,"href":"https:\/\/rakastampere.fi\/jasenille\/wp-json\/wp\/v2\/tags?post=559"}],"curies":[{"name":"wp","href":"https:\/\/api.w.org\/{rel}","templated":true}]}}