{"id":539,"date":"2023-11-02T14:23:35","date_gmt":"2023-11-02T12:23:35","guid":{"rendered":"https:\/\/rakastampere.fi\/jasenille\/?p=539"},"modified":"2023-11-08T17:41:20","modified_gmt":"2023-11-08T15:41:20","slug":"tampereen-joulu-2023","status":"publish","type":"post","link":"https:\/\/rakastampere.fi\/jasenille\/tampereen-joulu-2023\/","title":{"rendered":"Tampereen joulu 2023"},"content":{"rendered":"\n<p><em>Tampereen joulu alkaa perinteisell\u00e4 joulun avaus tapahtumalla sunnuntaina 26.11.2023.<\/em><\/p>\n\n\n\n<p>Tampereen joulun avauksessa paraati  kulkee Metsolta Keskustorille p\u00e4in Puutarhakatua pitkin jonka j\u00e4lkeen koukataan Aleksis Kiven kadulle ja t\u00e4st\u00e4 Vanhan Kirkon edustalle Keskustorille, jossa on ohjelmaa sek\u00e4 Keskustorin kuuseen sytytet\u00e4\u00e4n valot. Paraati l\u00e4htee liikkeelle kello 14 ja ohjelma alkaa paraatin saavuttua Keskustorin kuusen ymp\u00e4rille.<\/p>\n\n\n\n<p>Paraatia johtaa itse joulupukki hevoskyydill\u00e4. Tampereen kotkien puhallinorkesteri soittaa paraatimusiikkia. Mukana on monenlaisia ryhmi\u00e4 kuten n\u00e4ytt\u00e4v\u00e4t Samba Roseiran tanssijat  tai karvakaverikoirat ja alpakat. <\/p>\n\n\n\n<p>Keskustorilla ohjelmassa on virallinen Tampereen joulun avaus, joulukuusen valojen sytytys sek\u00e4 musiikkiesityksi\u00e4. Joulutorin ravintolat ja osa kojuista ovat avoinna. Vanha kirkko on avoinna tilaisuuden ajan ja kirkko valaistaan joulun v\u00e4rein. Kirkossa soi jouluinen musiikki sek\u00e4 siell\u00e4 esiintyy kirkon oma b\u00e4ndi. <\/p>\n\n\n\n<p>Ota seurantaan Rakas Tampere somekanavat, joissa joulukuun ajan ihastuttava Joulukalenteri. <br>fb: <a href=\"https:\/\/www.facebook.com\/RakasTamperePassi\" target=\"_blank\" rel=\"noopener\" title=\"\">facebook.com\/RakasTamperePassi<\/a><br>ig: <a href=\"https:\/\/www.instagram.com\/rakastampere\" target=\"_blank\" rel=\"noopener\" title=\"\">@rakastampere<\/a><\/p>\n\n\n\n<p><\/p>\n","protected":false},"excerpt":{"rendered":"<p>Tampereen joulu alkaa perinteisell\u00e4 joulun avaus tapahtumalla sunnuntaina 26.11.2023. Tampereen joulun avauksessa paraati kulkee Metsolta Keskustorille p\u00e4in Puutarhakatua pitkin jonka j\u00e4lkeen koukataan Aleksis Kiven kadulle ja t\u00e4st\u00e4 Vanhan Kirkon edustalle Keskustorille, jossa on ohjelmaa sek\u00e4 Keskustorin kuuseen sytytet\u00e4\u00e4n valot. Paraati l\u00e4htee liikkeelle kello 14 ja ohjelma alkaa paraatin saavuttua Keskustorin kuusen ymp\u00e4rille. Paraatia johtaa itse [&hellip;]<\/p>\n","protected":false},"author":4,"featured_media":354,"comment_status":"open","ping_status":"open","sticky":false,"template":"","format":"standard","meta":{"_acf_changed":false,"content-type":"","footnotes":""},"categories":[1],"tags":[6,9,10],"class_list":["post-539","post","type-post","status-publish","format-standard","has-post-thumbnail","hentry","category-yleinen","tag-joulu","tag-joulun-avaus","tag-tapahtuma"],"acf":[],"aioseo_notices":[],"_links":{"self":[{"href":"https:\/\/rakastampere.fi\/jasenille\/wp-json\/wp\/v2\/posts\/539","targetHints":{"allow":["GET"]}}],"collection":[{"href":"https:\/\/rakastampere.fi\/jasenille\/wp-json\/wp\/v2\/posts"}],"about":[{"href":"https:\/\/rakastampere.fi\/jasenille\/wp-json\/wp\/v2\/types\/post"}],"author":[{"embeddable":true,"href":"https:\/\/rakastampere.fi\/jasenille\/wp-json\/wp\/v2\/users\/4"}],"replies":[{"embeddable":true,"href":"https:\/\/rakastampere.fi\/jasenille\/wp-json\/wp\/v2\/comments?post=539"}],"version-history":[{"count":2,"href":"https:\/\/rakastampere.fi\/jasenille\/wp-json\/wp\/v2\/posts\/539\/revisions"}],"predecessor-version":[{"id":569,"href":"https:\/\/rakastampere.fi\/jasenille\/wp-json\/wp\/v2\/posts\/539\/revisions\/569"}],"wp:featuredmedia":[{"embeddable":true,"href":"https:\/\/rakastampere.fi\/jasenille\/wp-json\/wp\/v2\/media\/354"}],"wp:attachment":[{"href":"https:\/\/rakastampere.fi\/jasenille\/wp-json\/wp\/v2\/media?parent=539"}],"wp:term":[{"taxonomy":"category","embeddable":true,"href":"https:\/\/rakastampere.fi\/jasenille\/wp-json\/wp\/v2\/categories?post=539"},{"taxonomy":"post_tag","embeddable":true,"href":"https:\/\/rakastampere.fi\/jasenille\/wp-json\/wp\/v2\/tags?post=539"}],"curies":[{"name":"wp","href":"https:\/\/api.w.org\/{rel}","templated":true}]}}