{"id":517,"date":"2023-10-04T13:15:45","date_gmt":"2023-10-04T10:15:45","guid":{"rendered":"https:\/\/rakastampere.fi\/jasenille\/?p=517"},"modified":"2023-10-04T15:17:32","modified_gmt":"2023-10-04T12:17:32","slug":"vuosikokous-26-10-2023","status":"publish","type":"post","link":"https:\/\/rakastampere.fi\/jasenille\/vuosikokous-26-10-2023\/","title":{"rendered":"Vuosikokous 26.10.2023"},"content":{"rendered":"\n<p>Tampere Tunnetuksi ry:n s\u00e4\u00e4nt\u00f6m\u00e4\u00e4r\u00e4inen vuosikokous tulee j\u00e4lleen. Kutsumme kaikki j\u00e4senet mukaan p\u00e4\u00e4tt\u00e4m\u00e4\u00e4n tulevan vuoden toiminnasta. Kokouksessa k\u00e4sitell\u00e4\u00e4n vuosikokouksen muutkin asiat kuten valitaan hallitus Tampere Tunnetuksi ry:lle <\/p>\n\n\n\n<p>Kokous pidet\u00e4\u00e4n torstaina 26.10. klo 8.30 alkaen Tampereen Teatterilla. <\/p>\n\n\n\n<p>Ilmoittadu mukaan t\u00e4\u00e4lt\u00e4: <a href=\"https:\/\/rakastampere.fi\/jasenille\/vuosikokous2023\/\">https:\/\/rakastampere.fi\/jasenille\/vuosikokous2023\/<\/a><\/p>\n","protected":false},"excerpt":{"rendered":"<p>Tampere Tunnetuksi ry:n s\u00e4\u00e4nt\u00f6m\u00e4\u00e4r\u00e4inen vuosikokous tulee j\u00e4lleen. Kutsumme kaikki j\u00e4senet mukaan p\u00e4\u00e4tt\u00e4m\u00e4\u00e4n tulevan vuoden toiminnasta. Kokouksessa k\u00e4sitell\u00e4\u00e4n vuosikokouksen muutkin asiat kuten valitaan hallitus Tampere Tunnetuksi ry:lle Kokous pidet\u00e4\u00e4n torstaina 26.10. klo 8.30 alkaen Tampereen Teatterilla. Ilmoittadu mukaan t\u00e4\u00e4lt\u00e4: https:\/\/rakastampere.fi\/jasenille\/vuosikokous2023\/<\/p>\n","protected":false},"author":4,"featured_media":518,"comment_status":"open","ping_status":"open","sticky":false,"template":"","format":"standard","meta":{"_acf_changed":false,"content-type":"","footnotes":""},"categories":[1],"tags":[],"class_list":["post-517","post","type-post","status-publish","format-standard","has-post-thumbnail","hentry","category-yleinen"],"acf":[],"aioseo_notices":[],"_links":{"self":[{"href":"https:\/\/rakastampere.fi\/jasenille\/wp-json\/wp\/v2\/posts\/517","targetHints":{"allow":["GET"]}}],"collection":[{"href":"https:\/\/rakastampere.fi\/jasenille\/wp-json\/wp\/v2\/posts"}],"about":[{"href":"https:\/\/rakastampere.fi\/jasenille\/wp-json\/wp\/v2\/types\/post"}],"author":[{"embeddable":true,"href":"https:\/\/rakastampere.fi\/jasenille\/wp-json\/wp\/v2\/users\/4"}],"replies":[{"embeddable":true,"href":"https:\/\/rakastampere.fi\/jasenille\/wp-json\/wp\/v2\/comments?post=517"}],"version-history":[{"count":2,"href":"https:\/\/rakastampere.fi\/jasenille\/wp-json\/wp\/v2\/posts\/517\/revisions"}],"predecessor-version":[{"id":522,"href":"https:\/\/rakastampere.fi\/jasenille\/wp-json\/wp\/v2\/posts\/517\/revisions\/522"}],"wp:featuredmedia":[{"embeddable":true,"href":"https:\/\/rakastampere.fi\/jasenille\/wp-json\/wp\/v2\/media\/518"}],"wp:attachment":[{"href":"https:\/\/rakastampere.fi\/jasenille\/wp-json\/wp\/v2\/media?parent=517"}],"wp:term":[{"taxonomy":"category","embeddable":true,"href":"https:\/\/rakastampere.fi\/jasenille\/wp-json\/wp\/v2\/categories?post=517"},{"taxonomy":"post_tag","embeddable":true,"href":"https:\/\/rakastampere.fi\/jasenille\/wp-json\/wp\/v2\/tags?post=517"}],"curies":[{"name":"wp","href":"https:\/\/api.w.org\/{rel}","templated":true}]}}