{"id":464,"date":"2023-08-28T14:43:37","date_gmt":"2023-08-28T11:43:37","guid":{"rendered":"https:\/\/rakastampere.fi\/jasenille\/?p=464"},"modified":"2023-09-04T10:48:16","modified_gmt":"2023-09-04T07:48:16","slug":"syksyn-koulutukset","status":"publish","type":"post","link":"https:\/\/rakastampere.fi\/jasenille\/syksyn-koulutukset\/","title":{"rendered":"Syksyn koulutukset"},"content":{"rendered":"\n<p>Tampere Tunnetuksi ry j\u00e4rjest\u00e4\u00e4 syksyll\u00e4 j\u00e4senilleen some-koulutuksia sek\u00e4 n\u00e4yteikkunakoulutuksen. J\u00e4senist\u00f6 on pyyt\u00e4nyt koulutuksia ja nyt on ilo esitell\u00e4 koulutustarjonta.  Jollet ole viel\u00e4 Tampere Tunnetuksi ry:n j\u00e4sen, <a href=\"https:\/\/rakastampere.fi\/jasenille\/liity-mukaan\/\" target=\"_blank\" rel=\"noopener\" title=\"\">liity<\/a> ja p\u00e4\u00e4set osallistumaan koulutuksiin.<\/p>\n\n\n\n<p><br><strong>SOME-koulutukset (x2)<\/strong><\/p>\n\n\n\n<p>Ilmoittaudu mukaan&nbsp;<a href=\"https:\/\/rakastampere.fi\/jasenille\/somesparrausta-syyskuussa\/\" target=\"_blank\" rel=\"noreferrer noopener\">some-koulutuksiin<\/a>, jotka ovat suunnattu teille keskustan yrityksille. Osallistumalla n\u00e4ihin koulutuksiin saat helposti p\u00e4ivitetty\u00e4 omat tietosi t\u00e4m\u00e4n hetken sosiaalisen median kanavista sek\u00e4 konkreettisia vinkkej\u00e4 some-kanavien aktivointiin sek\u00e4 myynnin tekemiseen.<\/p>\n\n\n\n<p>Koulutus on jaettu kahteen eri aamuun, joten voit tulla molempiin tai valita vain toisen. Kustannus edullistakin edullisempi eli vain 20 euroa \/ henkil\u00f6 \/ aamu.<\/p>\n\n\n\n<p><strong>Somekoulutusaamu 1:&nbsp;<\/strong><br>tiistai 12.9.&nbsp;klo 8.30-11<br>paikkana Crazy Town<\/p>\n\n\n\n<p><strong>&gt; Ilmoittaudu&nbsp;<a href=\"https:\/\/rakastampere.fi\/jasenille\/somesparrausta-syyskuussa\/\" rel=\"noreferrer noopener\" target=\"_blank\">t\u00e4\u00e4lt\u00e4<\/a><\/strong><\/p>\n\n\n\n<p><strong>Somekoulutusaamu 2:&nbsp;<\/strong><br>tiistai 19.9.,&nbsp;klo 8.30-11<br>paikkana Crazy Town<\/p>\n\n\n\n<p><strong>&gt; Ilmoittaudu&nbsp;<a href=\"https:\/\/rakastampere.fi\/jasenille\/somesparrausta-syyskuussa\/\" target=\"_blank\" rel=\"noreferrer noopener\">t\u00e4\u00e4lt\u00e4<\/a><\/strong><\/p>\n\n\n\n<p><\/p>\n\n\n\n<p><strong>N\u00c4YTEIKKUNA-koulutus<\/strong><\/p>\n\n\n\n<p>N\u00e4yteikkuna ja myym\u00e4l\u00e4n esillepano ovat t\u00e4n\u00e4 Instagram-aikana yh\u00e4 t\u00e4rke\u00e4mp\u00e4\u00e4. Tule verest\u00e4m\u00e4\u00e4n taitojasi ja hakemaan viimeisimpi\u00e4 vinkkej\u00e4 kuinka saat myym\u00e4l\u00e4si n\u00e4yteikkunan palvelemaan monikanavaisesti.\u00a0<a href=\"https:\/\/rakastampere.fi\/jasenille\/visualistin-nayteikkunakoulutus\/\" target=\"_blank\" rel=\"noreferrer noopener\">N\u00e4yteikkunakoulutuksen<\/a> pit\u00e4\u00e4 visualisti ja kustannus t\u00e4ss\u00e4kin vain 20 euroa \/ henkil\u00f6.<\/p>\n\n\n\n<p><strong>N\u00e4yteikkunakoulutus:&nbsp;<br><\/strong>keskiviikko 11.10., klo 8.15-10.30.&nbsp;<br>paikkana MOW Supernova<\/p>\n\n\n\n<p><strong>&gt; ilmoittaudu&nbsp;<\/strong><a href=\"https:\/\/rakastampere.fi\/jasenille\/visualistin-nayteikkunakoulutus\/\" target=\"_blank\" rel=\"noreferrer noopener\">t\u00e4\u00e4lt\u00e4<\/a><\/p>\n\n\n\n<p>Tervetuloa! Lis\u00e4tietoja koulutuksista ilmoittautumissivuilla.<\/p>\n\n\n\n<p><\/p>\n","protected":false},"excerpt":{"rendered":"<p>Tampere Tunnetuksi ry j\u00e4rjest\u00e4\u00e4 syksyll\u00e4 j\u00e4senilleen some-koulutuksia sek\u00e4 n\u00e4yteikkunakoulutuksen. J\u00e4senist\u00f6 on pyyt\u00e4nyt koulutuksia ja nyt on ilo esitell\u00e4 koulutustarjonta. Jollet ole viel\u00e4 Tampere Tunnetuksi ry:n j\u00e4sen, liity ja p\u00e4\u00e4set osallistumaan koulutuksiin. SOME-koulutukset (x2) Ilmoittaudu mukaan&nbsp;some-koulutuksiin, jotka ovat suunnattu teille keskustan yrityksille. Osallistumalla n\u00e4ihin koulutuksiin saat helposti p\u00e4ivitetty\u00e4 omat tietosi t\u00e4m\u00e4n hetken sosiaalisen median kanavista sek\u00e4 [&hellip;]<\/p>\n","protected":false},"author":4,"featured_media":338,"comment_status":"open","ping_status":"open","sticky":false,"template":"","format":"standard","meta":{"_acf_changed":false,"content-type":"","footnotes":""},"categories":[1],"tags":[],"class_list":["post-464","post","type-post","status-publish","format-standard","has-post-thumbnail","hentry","category-yleinen"],"acf":[],"aioseo_notices":[],"_links":{"self":[{"href":"https:\/\/rakastampere.fi\/jasenille\/wp-json\/wp\/v2\/posts\/464","targetHints":{"allow":["GET"]}}],"collection":[{"href":"https:\/\/rakastampere.fi\/jasenille\/wp-json\/wp\/v2\/posts"}],"about":[{"href":"https:\/\/rakastampere.fi\/jasenille\/wp-json\/wp\/v2\/types\/post"}],"author":[{"embeddable":true,"href":"https:\/\/rakastampere.fi\/jasenille\/wp-json\/wp\/v2\/users\/4"}],"replies":[{"embeddable":true,"href":"https:\/\/rakastampere.fi\/jasenille\/wp-json\/wp\/v2\/comments?post=464"}],"version-history":[{"count":4,"href":"https:\/\/rakastampere.fi\/jasenille\/wp-json\/wp\/v2\/posts\/464\/revisions"}],"predecessor-version":[{"id":491,"href":"https:\/\/rakastampere.fi\/jasenille\/wp-json\/wp\/v2\/posts\/464\/revisions\/491"}],"wp:featuredmedia":[{"embeddable":true,"href":"https:\/\/rakastampere.fi\/jasenille\/wp-json\/wp\/v2\/media\/338"}],"wp:attachment":[{"href":"https:\/\/rakastampere.fi\/jasenille\/wp-json\/wp\/v2\/media?parent=464"}],"wp:term":[{"taxonomy":"category","embeddable":true,"href":"https:\/\/rakastampere.fi\/jasenille\/wp-json\/wp\/v2\/categories?post=464"},{"taxonomy":"post_tag","embeddable":true,"href":"https:\/\/rakastampere.fi\/jasenille\/wp-json\/wp\/v2\/tags?post=464"}],"curies":[{"name":"wp","href":"https:\/\/api.w.org\/{rel}","templated":true}]}}