{"id":460,"date":"2023-08-22T12:19:57","date_gmt":"2023-08-22T09:19:57","guid":{"rendered":"https:\/\/rakastampere.fi\/jasenille\/?p=460"},"modified":"2023-08-22T13:52:28","modified_gmt":"2023-08-22T10:52:28","slug":"joulu-tulee-ilmoittaudu-mukaan","status":"publish","type":"post","link":"https:\/\/rakastampere.fi\/jasenille\/joulu-tulee-ilmoittaudu-mukaan\/","title":{"rendered":"Joulu tulee &#8211; ilmoittaudu mukaan!"},"content":{"rendered":"\n<p>Luodaan j\u00e4lleen yhdess\u00e4 kutsuva Tampereen ydinkeskusta, jossa on niin tunnelmallisia paikkoja, mukaansa tempaavia tapahtumia ja ostoskohteitakin. Ilmoittaudu mukaan kampanjaan, paikkoja myyd\u00e4\u00e4n parhaillaan.  <\/p>\n\n\n\n<figure class=\"wp-block-image size-large\"><img loading=\"lazy\" decoding=\"async\" width=\"1024\" height=\"683\" src=\"https:\/\/rakastampere.fi\/jasenille\/wp-content\/uploads\/sites\/2\/2023\/08\/Talvikuvat_tampere-tunnetuksi-SOME-koko-1024x683.jpg\" alt=\"\" class=\"wp-image-461\" srcset=\"https:\/\/rakastampere.fi\/jasenille\/wp-content\/uploads\/sites\/2\/2023\/08\/Talvikuvat_tampere-tunnetuksi-SOME-koko-1024x683.jpg 1024w, https:\/\/rakastampere.fi\/jasenille\/wp-content\/uploads\/sites\/2\/2023\/08\/Talvikuvat_tampere-tunnetuksi-SOME-koko-800x533.jpg 800w, https:\/\/rakastampere.fi\/jasenille\/wp-content\/uploads\/sites\/2\/2023\/08\/Talvikuvat_tampere-tunnetuksi-SOME-koko-768x512.jpg 768w, https:\/\/rakastampere.fi\/jasenille\/wp-content\/uploads\/sites\/2\/2023\/08\/Talvikuvat_tampere-tunnetuksi-SOME-koko-1536x1024.jpg 1536w, https:\/\/rakastampere.fi\/jasenille\/wp-content\/uploads\/sites\/2\/2023\/08\/Talvikuvat_tampere-tunnetuksi-SOME-koko-1200x800.jpg 1200w, https:\/\/rakastampere.fi\/jasenille\/wp-content\/uploads\/sites\/2\/2023\/08\/Talvikuvat_tampere-tunnetuksi-SOME-koko.jpg 1701w\" sizes=\"auto, (max-width: 1024px) 100vw, 1024px\" \/><\/figure>\n\n\n\n<p>Kampanjan p\u00e4\u00e4runko koostuu t\u00e4n\u00e4 vuonna 170 000 kotiin jaettavasta joululehdest\u00e4, Kaunein Jouluikkuna -kilpailusta, sosiaalisen median joulukalenterista sek\u00e4 perinteisest\u00e4 joulunavauksesta ja jouluparaatista 26.11.2023.<\/p>\n\n\n\n<p>Katso lis\u00e4tiedot joulukampanjasta <a href=\"https:\/\/rakastampere.fi\/jasenille\/joulu-tampere-2023-kampanja\/\" title=\"Joulu Tampere 2023\">verkkosivuiltamme<\/a>. Huomaa, ett\u00e4 syksyll\u00e4 j\u00e4rjestet\u00e4\u00e4n <a href=\"https:\/\/rakastampere.fi\/jasenille\/visualistin-nayteikkunakoulutus\/\" title=\"Visualistin n\u00e4yteikkunakoulutus\">visualistin n\u00e4yteikkunakoulutus<\/a>, jolla saat loistavan l\u00e4hd\u00f6n Kaunein jouluikkuna -kilpailuun! Aamun erikoiskoulutus maksaa j\u00e4senelle vain 20 \u20ac + alv \/henkil\u00f6. Syyskuussa j\u00e4rjestet\u00e4\u00e4n my\u00f6s <a href=\"https:\/\/rakastampere.fi\/jasenille\/somesparrausta-syyskuussa\/\" title=\"Somesparrausta syyskuussa\">sosiaalisen median koulutus<\/a>, jossa voi p\u00e4ivitt\u00e4\u00e4 oman markkinointiosaamisensa. Hinta 20 \u20ac + alv \/henkil\u00f6.<\/p>\n","protected":false},"excerpt":{"rendered":"<p>Luodaan j\u00e4lleen yhdess\u00e4 kutsuva Tampereen ydinkeskusta, jossa on niin tunnelmallisia paikkoja, mukaansa tempaavia tapahtumia ja ostoskohteitakin. Ilmoittaudu mukaan kampanjaan, paikkoja myyd\u00e4\u00e4n parhaillaan. Kampanjan p\u00e4\u00e4runko koostuu t\u00e4n\u00e4 vuonna 170 000 kotiin jaettavasta joululehdest\u00e4, Kaunein Jouluikkuna -kilpailusta, sosiaalisen median joulukalenterista sek\u00e4 perinteisest\u00e4 joulunavauksesta ja jouluparaatista 26.11.2023. Katso lis\u00e4tiedot joulukampanjasta verkkosivuiltamme. Huomaa, ett\u00e4 syksyll\u00e4 j\u00e4rjestet\u00e4\u00e4n visualistin n\u00e4yteikkunakoulutus, jolla [&hellip;]<\/p>\n","protected":false},"author":5,"featured_media":461,"comment_status":"open","ping_status":"open","sticky":false,"template":"","format":"standard","meta":{"_acf_changed":false,"content-type":"","footnotes":""},"categories":[1],"tags":[6,7],"class_list":["post-460","post","type-post","status-publish","format-standard","has-post-thumbnail","hentry","category-yleinen","tag-joulu","tag-kampanja"],"acf":[],"aioseo_notices":[],"_links":{"self":[{"href":"https:\/\/rakastampere.fi\/jasenille\/wp-json\/wp\/v2\/posts\/460","targetHints":{"allow":["GET"]}}],"collection":[{"href":"https:\/\/rakastampere.fi\/jasenille\/wp-json\/wp\/v2\/posts"}],"about":[{"href":"https:\/\/rakastampere.fi\/jasenille\/wp-json\/wp\/v2\/types\/post"}],"author":[{"embeddable":true,"href":"https:\/\/rakastampere.fi\/jasenille\/wp-json\/wp\/v2\/users\/5"}],"replies":[{"embeddable":true,"href":"https:\/\/rakastampere.fi\/jasenille\/wp-json\/wp\/v2\/comments?post=460"}],"version-history":[{"count":1,"href":"https:\/\/rakastampere.fi\/jasenille\/wp-json\/wp\/v2\/posts\/460\/revisions"}],"predecessor-version":[{"id":462,"href":"https:\/\/rakastampere.fi\/jasenille\/wp-json\/wp\/v2\/posts\/460\/revisions\/462"}],"wp:featuredmedia":[{"embeddable":true,"href":"https:\/\/rakastampere.fi\/jasenille\/wp-json\/wp\/v2\/media\/461"}],"wp:attachment":[{"href":"https:\/\/rakastampere.fi\/jasenille\/wp-json\/wp\/v2\/media?parent=460"}],"wp:term":[{"taxonomy":"category","embeddable":true,"href":"https:\/\/rakastampere.fi\/jasenille\/wp-json\/wp\/v2\/categories?post=460"},{"taxonomy":"post_tag","embeddable":true,"href":"https:\/\/rakastampere.fi\/jasenille\/wp-json\/wp\/v2\/tags?post=460"}],"curies":[{"name":"wp","href":"https:\/\/api.w.org\/{rel}","templated":true}]}}