{"id":323,"date":"2023-06-01T11:10:31","date_gmt":"2023-06-01T08:10:31","guid":{"rendered":"https:\/\/rakastampere.fi\/jasenille\/?p=323"},"modified":"2023-08-08T10:30:52","modified_gmt":"2023-08-08T07:30:52","slug":"keskustakehittajat-kokoontuvat-tampereella","status":"publish","type":"post","link":"https:\/\/rakastampere.fi\/jasenille\/keskustakehittajat-kokoontuvat-tampereella\/","title":{"rendered":"Keskustakehitt\u00e4j\u00e4t kokoontuvat Tampereella"},"content":{"rendered":"\n<p>Tampere is\u00e4nn\u00f6i elokuussa vuotuista keskustakehitt\u00e4jien konferenssia. El\u00e4v\u00e4t Kaupunkikeskustat (EKK) ry kutsuu kaikki keskustojen kehitt\u00e4misest\u00e4 kiinnostuneet osallistumaan konferenssiin 30.-31.8.2023. Yhteisty\u00f6ss\u00e4 my\u00f6s Lemp\u00e4\u00e4l\u00e4, joka is\u00e4nn\u00f6i konferenssin toista p\u00e4iv\u00e4\u00e4. <\/p>\n\n\n\n<p>Ilmoittautuminen on nyt k\u00e4ynniss\u00e4 Kaupunkikeskustat ry:n <a href=\"https:\/\/www.kaupunkikeskustat.fi\/yhttpwww-kaupunkikeskustat-fiyhdistysjasenetjasenluettelohdistysjasenet\/tehraan-keskustoista-ny-numeroo-konferenssi-30-31-8-2023\/\" target=\"_blank\" rel=\"noopener\" title=\"\">kotisivuilla<\/a>.<\/p>\n\n\n\n<h2 class=\"wp-block-heading\">Ohjelma<\/h2>\n\n\n\n<p><strong>KESKIVIIKKO 30.8.2023<\/strong><\/p>\n\n\n\n<p>9.00\u00a0Ilmoittautuminen alkaa Tuulensuun palatsilla ja aamukahvi &amp; suolapala tarjolla<br>10.00\u00a0Tampereen kaupungin tervetulotervehdys<br>10.05\u00a0Tervetuloa konferenssiin jo 25. kertaa, EKK:n puheenjohtaja Pekka V\u00e4h\u00e4kangas<br>10.10\u00a0<strong>Tulevaisuuden kaupunkiskenaariot<\/strong>, sosiologi\u00a0Riitta Nieminen, Lund\u00e9n Architecture Company<br>10.30\u00a0<strong>El\u00e4vyyskeilaus antaa dataa<\/strong>, Head of Product\u00a0Jari Er\u00e4maa, ACG Ltd. (Belgia)<br>10.50\u00a0<strong>Kaupan tulevaisuusselonteko<\/strong>, neuvotteleva virkamies Natalia H\u00e4rkin, TEM<br>11.10\u00a0<strong>Kivijalan ilme<\/strong>, visualisti Heidi Lehto, Sisustusk\u00e4rp\u00e4nen Oy<br><strong>11.30\u00a0Nordic City Centers, Architect SAR\/MSA\u00a0Ola Gustafsson, Think Softer Planning AB (Ruotsi)<\/strong><\/p>\n\n\n\n<p><br>12.00 Lounastauko<\/p>\n\n\n\n<p>13.00&nbsp;<strong>Modernin ajan kauppa kaupunki- keskustoissa<\/strong>, KTT&nbsp;Harri Hokkanen, Tampereen Yliopisto<br>13.20&nbsp;<strong>Kommenttipuheenvuoro,<\/strong> yritt\u00e4j\u00e4&nbsp;Ariela Per\u00e4-Rouhu, Miela Oy&nbsp;<br>13.30&nbsp;<strong>Tulevaisuudenkest\u00e4v\u00e4t kaupunkikeskustat<\/strong>, johtaja&nbsp;Kimmo Kurunm\u00e4ki, RAKLI<br>13.50&nbsp;<strong>Keskustojen kehitt\u00e4minen seutuyhteisty\u00f6ss\u00e4<\/strong>, seutusuunnittelup\u00e4\u00e4llikk\u00f6&nbsp;Kaisu Kuusela, Tampereen kaupunkiseutu<br>14.10&nbsp;<strong>Tampereen keskusta 2040 \u2013 lyhyt historia tulevaisuuteen<\/strong>, <br>hankejohtaja&nbsp;Tero Tenhunen, Strateginen hankekehitys, Viiden t\u00e4hden keskusta -kehitysohjelma, Tampereen kaupunki<\/p>\n\n\n\n<p>14.30&nbsp;<strong>Rakas Tampere jalkaisin ja ratikalla \u2013 tutustumista keskustakohteisiin ryhmitt\u00e4in<\/strong><br>1. <strong>Rakas Tampere ratikalla:<\/strong> Tampereen raitiotien suunnittelu, rakenta- minen, toiminta ja tulevat uudet reitit.<br>2. <strong>Hattutemppu Tammelan stadionilla<\/strong>, Marraskuussa valmistuva Tammelan stadion, jalkapalloa ja asuinrakentamista.<br>3. <strong>Tampereen ri\u00e4v\u00e4 Kauppahallissa<\/strong>, Kauppahallin kortteli ja remontti, H\u00e4meenkatu ja l\u00e4ntinen keskusta.<br>4.<strong> Kahrenkympin seteli<\/strong>, Tammerkosken raitit, N\u00e4sin puistosilta ja Ranta-Tampellan uusi kaupunginosa.<br>5. <strong>Keskustan uudet kotijoukot<\/strong>, Viinikanlahden ja Tammelan suunnitelmia digin\u00e4 ja keskustan pienoismalli 2030.<br>6. <strong>Kulttuuria keh\u00e4ll\u00e4<\/strong>, L\u00e4ntisen keskusta, Kulttuurikeh\u00e4 ja kehittyv\u00e4t taidemuseot.<br>7. <strong>Rohee areena,<\/strong> Monitoimiareena Nokia Arenan sy\u00f6verit.<br>8. <strong>Turvallisuus ensteks<\/strong>, Keskustojen tapahtumaturvallisuus, laitteistot ja digitaaliset apuv\u00e4lineet<br>9. <strong>Valoja ja verhoja<\/strong>, Tampereen valoviikot sek\u00e4 H\u00e4meenkadun ja Tammerkosken valaistus.<br>10. <strong>Tullattavaa<\/strong>, Tulli Team, Tavara-asema, Tullintorin kauppa- keskus, t\u00e4ydennysrakentaminen.<\/p>\n\n\n\n<h2 class=\"wp-block-heading\">Iltatilaisuus<\/h2>\n\n\n\n<p>18-21 <strong>Iltatilaisuus<\/strong>, G-Livelaboratorio<br>Ohjelmassa ruokailun ja verkostoitumisen lis\u00e4ksi mm. Keskustateko -palkintoja saaneiden esitykset<\/p>\n\n\n\n<p>18.20&nbsp;&nbsp;&nbsp;&nbsp;&nbsp;&nbsp;&nbsp;&nbsp;&nbsp;&nbsp;&nbsp;&nbsp;&nbsp;Best Global City Centers <br>Architect SAR\/MSA&nbsp;<strong>Ola Gustafsson, <\/strong>Think Softer Planning AB<\/p>\n\n\n\n<p><strong>18:30&nbsp;&nbsp;&nbsp;&nbsp;&nbsp;&nbsp;&nbsp;&nbsp;&nbsp;&nbsp;&nbsp;&nbsp;&nbsp;Ruokailu alkaa<\/strong><\/p>\n\n\n\n<p><strong>19.15&nbsp;&nbsp;&nbsp;&nbsp;&nbsp;&nbsp;&nbsp;&nbsp;&nbsp;&nbsp;&nbsp;&nbsp;&nbsp;Keskustakilpailu 2024 avaaminen<\/strong><br>palkintoraadin puheenjohtaja Aulis Tynkkynen<\/p>\n\n\n\n<p><strong>19.20&nbsp;&nbsp;&nbsp;&nbsp;&nbsp;&nbsp;&nbsp;&nbsp;&nbsp;&nbsp;&nbsp;&nbsp;&nbsp;Citykuchat &#8211; palkitut keskustateot 2020, 2021 ja 2022&nbsp;&nbsp;<br><\/strong>puheenjohtaja keskustatekoraadin puheenjohtaja Tero Lassila<\/p>\n\n\n\n<p><strong>19.25&nbsp;&nbsp;&nbsp;&nbsp;&nbsp;&nbsp;&nbsp;&nbsp;&nbsp;&nbsp;&nbsp;&nbsp;&nbsp;Senaatintorin yhteisterassi (voittaja 2020)<\/strong><br>toiminnanjohtaja Krista \u00d6stman, Helsinki Citymarkkinointi ry&nbsp;<\/p>\n\n\n\n<p><strong>19.32&nbsp;&nbsp;&nbsp;&nbsp;&nbsp;&nbsp;&nbsp;&nbsp;&nbsp;&nbsp;&nbsp;&nbsp;&nbsp;Iisalmen kasariperjantai<\/strong><br>toiminnanjohtaja Tero Mononen, Iiden ry<\/p>\n\n\n\n<p><strong>19.39&nbsp;&nbsp;&nbsp;&nbsp;&nbsp;&nbsp;&nbsp;&nbsp;&nbsp;&nbsp;&nbsp;&nbsp;&nbsp;Mualiman napa<\/strong><br>toiminnajohtaja Tilla Martikainen, Kuopion kaupunki- keskustan kehitt\u00e4misyhdistys ry<\/p>\n\n\n\n<p><strong>19.46&nbsp;&nbsp;&nbsp;&nbsp;&nbsp;&nbsp;&nbsp;&nbsp;&nbsp;&nbsp;&nbsp;&nbsp;&nbsp;Poris vuorovaikutustila<\/strong><br>toiminnanjohtaja Mari Antikainen, Porin kaupunkikeskusta ry<\/p>\n\n\n\n<p><strong>19.53&nbsp;&nbsp;&nbsp;&nbsp;&nbsp;&nbsp;&nbsp;&nbsp;&nbsp;&nbsp;&nbsp;&nbsp;&nbsp;Vekara-Varkaus (voittaja 2021)<\/strong><br>toiminnanjohtaja Nina Pesonen, Warkauden kaupunkikeskusta ry<\/p>\n\n\n\n<p><strong>20.00&nbsp;&nbsp;&nbsp;&nbsp;&nbsp;&nbsp;&nbsp;&nbsp;&nbsp;&nbsp;&nbsp;&nbsp;&nbsp;Lokkiprojekti &amp; Kotini on linnani<\/strong><br>toiminnanjohtaja Sari R\u00e4s\u00e4nen, H\u00e4meenlinnan kaupunkikeskustayhdistys ry<\/p>\n\n\n\n<p><strong>20.07&nbsp;&nbsp;&nbsp;&nbsp;&nbsp;&nbsp;&nbsp;&nbsp;&nbsp;&nbsp;&nbsp;&nbsp;&nbsp;Puutalokortteli 48 <\/strong><br>toiminnanjohtaja Minna Valonen, Joensuun kaupunkikeskustayhdistys ry<\/p>\n\n\n\n<p><strong>20.14&nbsp;&nbsp;&nbsp;&nbsp;&nbsp;&nbsp;&nbsp;&nbsp;&nbsp;&nbsp;&nbsp;&nbsp;&nbsp;Illumination<br><\/strong>projektip\u00e4\u00e4llikk\u00f6 (2018\u20132020) Niina H\u00e4rk\u00f6nen, Savonlinnan Illumination-hanke<\/p>\n\n\n\n<p><strong>20.21&nbsp;&nbsp;&nbsp;&nbsp;&nbsp;&nbsp;&nbsp;&nbsp;&nbsp;&nbsp;&nbsp;&nbsp;&nbsp;Turun tapahtumamatot (voittaja 2022)&nbsp;<\/strong><br>toiminnanjohtaja Kirsi Eronen, Turku Ydinkeskusta ry<\/p>\n\n\n\n<p><strong>20.28&nbsp;&nbsp;&nbsp;&nbsp;&nbsp;&nbsp;&nbsp;&nbsp;&nbsp;&nbsp;&nbsp;&nbsp;&nbsp;Sparkling Night<\/strong><br>toimitusjohtaja Manu Aadeli, Westlook Oy<\/p>\n\n\n\n<p>21.00&nbsp;&nbsp;&nbsp;&nbsp;&nbsp;&nbsp;&nbsp;&nbsp;&nbsp;&nbsp;&nbsp;&nbsp;&nbsp;Tilaisuus p\u00e4\u00e4ttyy<\/p>\n\n\n\n<p>&#8212;&#8212;&#8212;&#8212;&#8212;&#8212;&#8212;&#8212;&#8212;&#8212;&#8212;&#8212;&#8212;&#8212;&#8212;- <\/p>\n\n\n\n<p><strong>TORSTAI 31.8.2023<\/strong><\/p>\n\n\n\n<p>Lemp\u00e4\u00e4l\u00e4-talo, Manttaalitie 15, 37500 Lemp\u00e4\u00e4l\u00e4<\/p>\n\n\n\n<p>10.00&nbsp;<strong>Tervetuloa Lemp\u00e4\u00e4l\u00e4\u00e4n<\/strong>, kunnanjohtaja&nbsp;Heidi R\u00e4m\u00f6<br>10.10&nbsp;<strong>Kangasala kehittyy Tampereen kainalossa,<\/strong> toiminnanjohtaja&nbsp;Noora Hilden&nbsp;<br>10.20&nbsp;<strong>Taidekaupunki Pirkanmaalla<\/strong>, kulttuurip\u00e4\u00e4llikk\u00f6&nbsp;Antti Korkka M\u00e4ntt\u00e4-Vilppula<br>10.30&nbsp;<strong>Nova Lemp\u00e4\u00e4l\u00e4<\/strong>, hankejohtaja&nbsp;Lari Laakso<\/p>\n\n\n\n<p><strong>K\u00e4velykierrokset ryhmitt\u00e4in keskustakohteisiin<\/strong><br>\u2022Kierros vaikuttavassa Lemp\u00e4\u00e4l\u00e4-talossa <br>\u2022Lemp\u00e4\u00e4l\u00e4-talon puisto ja tori <br>\u2022Pauhupaviljonki ja ulkoteokset <br>\u2022Ideakeskus<br>\u2022Piippokeskus <br>\u2022Myllyranta <br>\u2022Kirkon alue <br>\u2022Telk\u00e4ntaival<\/p>\n\n\n\n<p>13.00&nbsp;Telk\u00e4ntaipaleen sillalla musiikillinen el\u00e4myslounas<\/p>\n\n\n\n<p>14.00&nbsp;Turvallista kotimatkaa, ensi vuonna taas n\u00e4hd\u00e4\u00e4n!<\/p>\n\n\n\n<h3 class=\"wp-block-heading\">Majoitus<\/h3>\n\n\n\n<p>P\u00e4\u00e4hotelli: <strong>Original Sokos Hotel Ilves<\/strong>, Hatanp\u00e4\u00e4n Valtatie 1<\/p>\n\n\n\n<p>Hotellihinnat: 135 e \/ 1hh, 155 e \/ 2hh per y\u00f6<\/p>\n\n\n\n<p>Kiinti\u00f6t vapautuvat:  <br>50 % varaamattomista huoneista vapautuu myyntiin&nbsp;18.7.2023.<br>Loput varaamattomista huoneista vapautuvat myyntiin&nbsp;1.8.2023.<\/p>\n\n\n\n<p><strong>Varaustunnus: EKK (netiss\u00e4 BEKK)<\/strong><\/p>\n\n\n\n<p>Yksitt\u00e4iset huonevaraukset: p. 020 1234 646, <a href=\"mailto:sokos.hotels@sok.fi\" title=\"\">sokos.hotels@sok.fi<\/a><\/p>\n","protected":false},"excerpt":{"rendered":"<p>Tampere is\u00e4nn\u00f6i elokuussa vuotuista keskustakehitt\u00e4jien konferenssia. El\u00e4v\u00e4t Kaupunkikeskustat (EKK) ry kutsuu kaikki keskustojen kehitt\u00e4misest\u00e4 kiinnostuneet osallistumaan konferenssiin 30.-31.8.2023. Yhteisty\u00f6ss\u00e4 my\u00f6s Lemp\u00e4\u00e4l\u00e4, joka is\u00e4nn\u00f6i konferenssin toista p\u00e4iv\u00e4\u00e4. Ilmoittautuminen on nyt k\u00e4ynniss\u00e4 Kaupunkikeskustat ry:n kotisivuilla. Ohjelma KESKIVIIKKO 30.8.2023 9.00\u00a0Ilmoittautuminen alkaa Tuulensuun palatsilla ja aamukahvi &amp; suolapala tarjolla10.00\u00a0Tampereen kaupungin tervetulotervehdys10.05\u00a0Tervetuloa konferenssiin jo 25. kertaa, EKK:n puheenjohtaja Pekka V\u00e4h\u00e4kangas10.10\u00a0Tulevaisuuden [&hellip;]<\/p>\n","protected":false},"author":4,"featured_media":324,"comment_status":"open","ping_status":"open","sticky":false,"template":"","format":"standard","meta":{"_acf_changed":false,"content-type":"","footnotes":""},"categories":[1],"tags":[],"class_list":["post-323","post","type-post","status-publish","format-standard","has-post-thumbnail","hentry","category-yleinen"],"acf":[],"aioseo_notices":[],"_links":{"self":[{"href":"https:\/\/rakastampere.fi\/jasenille\/wp-json\/wp\/v2\/posts\/323","targetHints":{"allow":["GET"]}}],"collection":[{"href":"https:\/\/rakastampere.fi\/jasenille\/wp-json\/wp\/v2\/posts"}],"about":[{"href":"https:\/\/rakastampere.fi\/jasenille\/wp-json\/wp\/v2\/types\/post"}],"author":[{"embeddable":true,"href":"https:\/\/rakastampere.fi\/jasenille\/wp-json\/wp\/v2\/users\/4"}],"replies":[{"embeddable":true,"href":"https:\/\/rakastampere.fi\/jasenille\/wp-json\/wp\/v2\/comments?post=323"}],"version-history":[{"count":10,"href":"https:\/\/rakastampere.fi\/jasenille\/wp-json\/wp\/v2\/posts\/323\/revisions"}],"predecessor-version":[{"id":404,"href":"https:\/\/rakastampere.fi\/jasenille\/wp-json\/wp\/v2\/posts\/323\/revisions\/404"}],"wp:featuredmedia":[{"embeddable":true,"href":"https:\/\/rakastampere.fi\/jasenille\/wp-json\/wp\/v2\/media\/324"}],"wp:attachment":[{"href":"https:\/\/rakastampere.fi\/jasenille\/wp-json\/wp\/v2\/media?parent=323"}],"wp:term":[{"taxonomy":"category","embeddable":true,"href":"https:\/\/rakastampere.fi\/jasenille\/wp-json\/wp\/v2\/categories?post=323"},{"taxonomy":"post_tag","embeddable":true,"href":"https:\/\/rakastampere.fi\/jasenille\/wp-json\/wp\/v2\/tags?post=323"}],"curies":[{"name":"wp","href":"https:\/\/api.w.org\/{rel}","templated":true}]}}