{"id":312,"date":"2023-05-23T14:36:44","date_gmt":"2023-05-23T11:36:44","guid":{"rendered":"https:\/\/rakastampere.fi\/jasenille\/?p=312"},"modified":"2023-05-23T14:36:45","modified_gmt":"2023-05-23T11:36:45","slug":"tampere-tunnetuksi-on-nyt-rakas-tampere","status":"publish","type":"post","link":"https:\/\/rakastampere.fi\/jasenille\/tampere-tunnetuksi-on-nyt-rakas-tampere\/","title":{"rendered":"Tampere Tunnetuksi on nyt Rakas Tampere"},"content":{"rendered":"\n<p><strong>Rakkaudesta Tampereen keskustaan &#8211;\u00a0<br>Tampereen keskustan yritysten yhteinen viesti l\u00f6ytyy jatkossa\u00a0<em>Rakas Tampere<\/em>\u00a0-nimen alta.\u00a0\u00a0<\/strong><\/p>\n\n\n\n<p>Jo vuodesta 1965 asti toiminut Tampere Tunnetuksi ry on yli viidensadan keskustan yrityksen yhdistys, joka tekee tiivist\u00e4 yhteisty\u00f6t\u00e4 yritysten, kiinteist\u00f6jen ja Tampereen kaupungin kanssa. Nyt yhdistys siirt\u00e4\u00e4 toimintansa&nbsp;<em>Rakas Tampere&nbsp;<\/em>-nimen alle.&nbsp;<\/p>\n\n\n\n<p>Toukokuussa avataan&nbsp;<em>Rakas Tampere<\/em>&nbsp;-verkkosivusto ja&nbsp;<em>Tampere.Finland<\/em>-sovelluksesta l\u00f6ytyv\u00e4 etupalvelu vaihtaa nimens\u00e4&nbsp;<em>Rakas Tampere Passiksi<\/em>.&nbsp;<\/p>\n\n\n\n<p>Tampereen Teatterin myynti- ja markkinointip\u00e4\u00e4llikk\u00f6 ja Tampere Tunnetuksi ry:n hallituksen varapuheenjohtaja&nbsp;<strong>Karoliina Lehtonen<\/strong>&nbsp;toteaa uudistuksesta:\u201d<em>Rakas Tampere<\/em>&nbsp;-nimen alle haluamme ker\u00e4t\u00e4 muutakin mieluista, kaupallista toimintaa. Halusimme nimen, joka kuvaa sit\u00e4 tunnetta, jota ihmiset kokevat kaupunkia kohtaan. Tampere on eritt\u00e4in suosittu kaupunki, monille rakas. Min\u00e4 sanoisin, ett\u00e4 meill\u00e4 on maailman onnellisimman maan rakkain kaupunki\u201d.&nbsp;&nbsp;<\/p>\n\n\n\n<p><em>Rakas Tampere<\/em>&nbsp;haluaa olla helppo kohde, josta l\u00e4hte\u00e4 etsim\u00e4\u00e4n, mit\u00e4 kaikkea Tampereen keskustasta voi l\u00f6yt\u00e4\u00e4. Rakas Tampere Passi kokoaa yritysten tarjouksia ja sosiaalisen median kanavat vinkkaavat ajankohtaisista tapahtumista sek\u00e4 ilmi\u00f6ist\u00e4 Tampereen keskustassa.&nbsp;<\/p>\n\n\n\n<p>Uudistusta on tehty yhteisty\u00f6ss\u00e4 kaupungin sek\u00e4 Visit Tampereen kanssa. Uusi br\u00e4ndi t\u00e4ydent\u00e4\u00e4 kaupungista kertovaa viestint\u00e4\u00e4. Se antaa keskustayrityksille v\u00e4yl\u00e4n n\u00e4ky\u00e4 ja kertoa omista sis\u00e4ll\u00f6ist\u00e4\u00e4n.&nbsp;<em>Rakas Tampere<\/em>&nbsp;tulee n\u00e4kym\u00e4\u00e4n my\u00f6s valtakunnallisesti, kun tamperelaisyritysten yhteinen kes\u00e4kampanja kes\u00e4kuussa alkaa.&nbsp;<\/p>\n\n\n\n<p><strong>LIS\u00c4TIEDOT JA HAASTATTELUPYYNN\u00d6T:<\/strong><\/p>\n\n\n\n<p>toiminnanjohtaja Riikka T\u00f6yt\u00e4ri, Tampere Tunnetuksi ry, 040&nbsp;582 1949&nbsp;<a href=\"mailto:riikka.toytari@tamperetunnetuksi.fi\">riikka.toytari@tamperetunnetuksi.fi<\/a><\/p>\n\n\n\n<p><strong>VALOKUVAT JA LOGOT:\u00a0<\/strong><a href=\"https:\/\/rakastampere.fi\/jasenille\/medialle\/\">https:\/\/rakastampere.fi\/jasenille\/medialle\/<\/a><\/p>\n","protected":false},"excerpt":{"rendered":"<p>Rakkaudesta Tampereen keskustaan &#8211;\u00a0Tampereen keskustan yritysten yhteinen viesti l\u00f6ytyy jatkossa\u00a0Rakas Tampere\u00a0-nimen alta.\u00a0\u00a0 Jo vuodesta 1965 asti toiminut Tampere Tunnetuksi ry on yli viidensadan keskustan yrityksen yhdistys, joka tekee tiivist\u00e4 yhteisty\u00f6t\u00e4 yritysten, kiinteist\u00f6jen ja Tampereen kaupungin kanssa. Nyt yhdistys siirt\u00e4\u00e4 toimintansa&nbsp;Rakas Tampere&nbsp;-nimen alle.&nbsp; Toukokuussa avataan&nbsp;Rakas Tampere&nbsp;-verkkosivusto ja&nbsp;Tampere.Finland-sovelluksesta l\u00f6ytyv\u00e4 etupalvelu vaihtaa nimens\u00e4&nbsp;Rakas Tampere Passiksi.&nbsp; Tampereen Teatterin myynti- [&hellip;]<\/p>\n","protected":false},"author":4,"featured_media":313,"comment_status":"open","ping_status":"open","sticky":false,"template":"","format":"standard","meta":{"_acf_changed":false,"content-type":"","footnotes":""},"categories":[1],"tags":[],"class_list":["post-312","post","type-post","status-publish","format-standard","has-post-thumbnail","hentry","category-yleinen"],"acf":[],"aioseo_notices":[],"_links":{"self":[{"href":"https:\/\/rakastampere.fi\/jasenille\/wp-json\/wp\/v2\/posts\/312","targetHints":{"allow":["GET"]}}],"collection":[{"href":"https:\/\/rakastampere.fi\/jasenille\/wp-json\/wp\/v2\/posts"}],"about":[{"href":"https:\/\/rakastampere.fi\/jasenille\/wp-json\/wp\/v2\/types\/post"}],"author":[{"embeddable":true,"href":"https:\/\/rakastampere.fi\/jasenille\/wp-json\/wp\/v2\/users\/4"}],"replies":[{"embeddable":true,"href":"https:\/\/rakastampere.fi\/jasenille\/wp-json\/wp\/v2\/comments?post=312"}],"version-history":[{"count":1,"href":"https:\/\/rakastampere.fi\/jasenille\/wp-json\/wp\/v2\/posts\/312\/revisions"}],"predecessor-version":[{"id":314,"href":"https:\/\/rakastampere.fi\/jasenille\/wp-json\/wp\/v2\/posts\/312\/revisions\/314"}],"wp:featuredmedia":[{"embeddable":true,"href":"https:\/\/rakastampere.fi\/jasenille\/wp-json\/wp\/v2\/media\/313"}],"wp:attachment":[{"href":"https:\/\/rakastampere.fi\/jasenille\/wp-json\/wp\/v2\/media?parent=312"}],"wp:term":[{"taxonomy":"category","embeddable":true,"href":"https:\/\/rakastampere.fi\/jasenille\/wp-json\/wp\/v2\/categories?post=312"},{"taxonomy":"post_tag","embeddable":true,"href":"https:\/\/rakastampere.fi\/jasenille\/wp-json\/wp\/v2\/tags?post=312"}],"curies":[{"name":"wp","href":"https:\/\/api.w.org\/{rel}","templated":true}]}}