{"id":1821,"date":"2025-12-15T15:24:49","date_gmt":"2025-12-15T13:24:49","guid":{"rendered":"https:\/\/rakastampere.fi\/jasenille\/?p=1821"},"modified":"2025-12-15T15:27:46","modified_gmt":"2025-12-15T13:27:46","slug":"tampereen-keskustan-kaunein-jouluikkuna-on-selvinnyt","status":"publish","type":"post","link":"https:\/\/rakastampere.fi\/jasenille\/tampereen-keskustan-kaunein-jouluikkuna-on-selvinnyt\/","title":{"rendered":"Tampereen keskustan Kaunein Jouluikkuna on selvinnyt"},"content":{"rendered":"\n<h3 class=\"wp-block-heading\"><strong>Prime hair and beauty designilla on&nbsp;Tampereen Kaunein jouluikkuna 2025<\/strong><\/h3>\n\n\n\n<p><strong>Tampere Tunnetuksi ry:n ja DesignOnTampere ry:n leikkimielinen Kaunein jouluikkuna 2025 -kisa ker\u00e4si yli 2100 \u00e4\u00e4nt\u00e4. Voiton vei reilulla 20 prosentin \u00e4\u00e4nim\u00e4\u00e4r\u00e4ll\u00e4 Ratinan rannassa sijaitseva&nbsp;<\/strong><strong>Prime hair and beauty design Oy. Kampaamon isot jouluikkunat n\u00e4kyiv\u00e4t tielle asti \u2013 niill\u00e4 haluttiin tuoda autoilijoille hyv\u00e4 mieli.&nbsp;<\/strong><\/p>\n\n\n\n<p>Keskustayritysten perinteisess\u00e4 kisassa oli mukana 19 hyvin erilaista jouluikkunaa ja ikkunat ovat n\u00e4ht\u00e4viss\u00e4 jouluun asti.<\/p>\n\n\n\n<p>Ikkunoihin p\u00e4\u00e4si tutustumaan et\u00e4n\u00e4 \u00e4\u00e4nestyssivulla, mutta erityisen paljon iloa ikkunoista sai paikan p\u00e4\u00e4ll\u00e4. Kisaa organisoivat tahot, Tampere Tunnetuksi ry ja DesignOnTampere ry, korostavat, ett\u00e4 t\u00e4llainen kivijalan el\u00e4v\u00f6itt\u00e4minen on t\u00e4rke\u00e4ss\u00e4 osassa joulufiiliksen luontiin keskustaymp\u00e4rist\u00f6ss\u00e4.&nbsp;<\/p>\n\n\n\n<h3 class=\"wp-block-heading\"><mark style=\"background-color:#fff\" class=\"has-inline-color has-blue-color\">Jonottajille mukavaa katseltavaa<\/mark><\/h3>\n\n\n\n<p>Prime hair and beauty design sijaitsee Ratinan rannassa ja isot ikkunat n\u00e4kyv\u00e4t Tampereen valtatielle asti. Alueen muutost\u00f6iden vuoksi tieliikenne on v\u00e4lill\u00e4 hitaasti etenev\u00e4\u00e4 ja jonoja on syntynyt. Kampaamoyritt\u00e4j\u00e4 Ulla-Riitta Koskinen<strong>&nbsp;<\/strong>p\u00e4\u00e4ttikin ilahduttaa autoilijoita luomaan kauniin joulukuvaelman. Isoissa ikkunoissa oli valoja ja palloja, joulukuusia ja valaistuja t\u00e4hti\u00e4.&nbsp;<\/p>\n\n\n\n<p>&#8211; Halusimme tuoda rauhoittavan n\u00e4kym\u00e4n tielle, Koskinen kertoo.<\/p>\n\n\n\n<p>Jokaiseen kampaamotuoliin istuneelle on my\u00f6s muistutettu kisasta ja peileiss\u00e4 oli suorat QR-koodin \u00e4\u00e4nestyslomakkeelle. Isoa voitonjuhlaa Koskinen ei kampaajakollegoiden kanssa ehdi viel\u00e4 pit\u00e4\u00e4, sill\u00e4 joulun alusaika on todella kiireist\u00e4 aamusta iltaan; moni haluaa hiukset kuntoon jouluksi. Yht\u00e4 kiireist\u00e4 on vain kev\u00e4\u00e4n valmistujaisviikoilla. T\u00e4m\u00e4n lis\u00e4ksi ovesta astuu usein sis\u00e4\u00e4n asiakkaita, jotka ostavat puolisolleen lahjakortin.&nbsp;<\/p>\n\n\n\n<blockquote class=\"wp-block-quote is-layout-flow wp-block-quote-is-layout-flow\">\n<blockquote class=\"wp-block-quote is-layout-flow wp-block-quote-is-layout-flow\">\n<blockquote class=\"wp-block-quote is-layout-flow wp-block-quote-is-layout-flow\">\n<blockquote class=\"wp-block-quote is-layout-flow wp-block-quote-is-layout-flow\">\n<blockquote class=\"wp-block-quote is-layout-flow wp-block-quote-is-layout-flow\">\n<p>Prime hair and beauty designin ikkuna jatkaa El\u00e4v\u00e4t Kaupunkikeskustat (EKK) ry:n Suomen parhaimman joulun\u00e4yteikkunan 2025-kisaan.&nbsp;<\/p>\n<\/blockquote>\n<\/blockquote>\n<\/blockquote>\n<\/blockquote>\n<\/blockquote>\n\n\n\n<h3 class=\"wp-block-heading\"><mark style=\"background-color:#fff\" class=\"has-inline-color has-blue-color\">Raati valitsi Pia Feinikin<\/mark><\/h3>\n\n\n\n<p>T\u00e4n\u00e4 vuonna ikkunat kiersi my\u00f6s asiantuntijaraati, eli Tampere Tunnetuksi ry:n toiminnanjohtaja Riikka T\u00e4yt\u00e4ri, DesignOnTampereen ry:n toiminnanjohtaja Taru Salonen ja ammattilaisvisualisti, yritt\u00e4j\u00e4 Amanda\u2019s Eyen Manta Viitakoski. Heid\u00e4n valintansa oli kuvataitelija Pia Feinikin ikkuna osoitteessa Pirkankatu 1.&nbsp;<\/p>\n\n\n\n<p>&#8211; T\u00e4m\u00e4 ikkunan vahvuuksia oli yll\u00e4tyksellisyys, kauniisti luotu syvyysvaikutelma ja juhlavuus, listaa Manta Viitakoski.&nbsp;<\/p>\n\n\n\n<h3 class=\"wp-block-heading\"><mark style=\"background-color:#fff\" class=\"has-inline-color has-blue-color\">Yleis\u00f6\u00e4\u00e4nten viiden k\u00e4rki:<\/mark><\/h3>\n\n\n\n<ol class=\"wp-block-list\">\n<li><strong>Prime hair and beauty design Oy<\/strong>&nbsp;<\/li>\n\n\n\n<li><strong>Tallipiha<\/strong>&nbsp;<\/li>\n\n\n\n<li><strong>Stockmann<\/strong>&nbsp;<\/li>\n\n\n\n<li><strong>Bistro Venla<\/strong>&nbsp;<\/li>\n\n\n\n<li><strong>Kirjanpitotoimisto Kaleva Oy<\/strong>&nbsp;<\/li>\n<\/ol>\n\n\n\n<h3 class=\"wp-block-heading\"><mark class=\"has-inline-color has-blue-color\">Yhteystiedot ja kuvapyynn\u00f6t:\u00a0<\/mark><\/h3>\n\n\n\n<p><strong>Kuvat:<br><\/strong>Kaikki kisassa mukana olevat ikkuna ja niiden kuvat l\u00f6ytyv\u00e4t (vapaa k\u00e4ytt\u00f6oikeus):<br><a href=\"https:\/\/rakastampere.fi\/kaunein-jouluikkuna-2025\/\">https:\/\/rakastampere.fi\/kaunein-jouluikkuna-2025\/<\/a>&nbsp;&nbsp;&nbsp;<br><strong><br>Heidi Kormano<br><\/strong>Tampere Tunnetuksi ry<br>kaupallinen tuottaja<br><a href=\"mailto:heidi.kormano@tamperetunnetuksi.fi\">heidi.kormano@tamperetunnetuksi.fi<\/a><br>puh. 0400 987 850&nbsp;<\/p>\n\n\n\n<p><strong>Yleis\u00f6\u00e4\u00e4nestyksen voittaja:<\/strong><br>Prime hair and beauty design, Tampereen valtatie 4.&nbsp;&nbsp;Ulla-Riitta Koskinen, puh. 0440 769&nbsp;268<\/p>\n\n\n\n<p><strong>Ammattilaisraadin suosikki:&nbsp;<br><\/strong>Kuvataiteilija Pia Feinik, Pirkankatu 1. Pia Feinik, puh. 0400 509&nbsp;005<\/p>\n\n\n\n<h4 class=\"wp-block-heading\"><em>Rakas Tampere yritysyhteis\u00f6 &#8211; Tampere Tunnetuksi ry&nbsp;<\/em><\/h4>\n\n\n\n<p><em>Tampere Tunnetuksi ry on 60-vuotias ydinkeskustan yritysten oma yhdistys, joka tekee yhdess\u00e4 kaupungin ja j\u00e4sentens\u00e4 kanssa Tampereen keskustasta Suomen parasta paikkaa. Yhdistys auttaa erityisesti j\u00e4seni\u00e4\u00e4n tekem\u00e4\u00e4n liiketoimintaa Tampereen keskustassa sek\u00e4 markkinoi toiminnallaan Tampereen ydinaluetta. Yhdistys huolehtii Rakas Tampere Passi etu- ja tarjousosiosta Tampere.Finland -mobiilisovelluksessa, josta l\u00f6ytyy runsaasti mielenkiintoisia etuuksia keskustan liikkeisiin ja palveluihin. Rakas Tampere yritysyhteis\u00f6n j\u00e4senet ovat keskustan yrityksi\u00e4 isoista pieniin ja palveluista kauppaan sek\u00e4 kulttuuriin. My\u00f6s kiinteist\u00f6omistajat ja taloyhti\u00f6t keskusta-alueella ovat yhdistyksen j\u00e4seni\u00e4.<\/em><\/p>\n","protected":false},"excerpt":{"rendered":"<p>Prime hair and beauty designilla on&nbsp;Tampereen Kaunein jouluikkuna 2025 Tampere Tunnetuksi ry:n ja DesignOnTampere ry:n leikkimielinen Kaunein jouluikkuna 2025 -kisa ker\u00e4si yli 2100 \u00e4\u00e4nt\u00e4. Voiton vei reilulla 20 prosentin \u00e4\u00e4nim\u00e4\u00e4r\u00e4ll\u00e4 Ratinan rannassa sijaitseva&nbsp;Prime hair and beauty design Oy. Kampaamon isot jouluikkunat n\u00e4kyiv\u00e4t tielle asti \u2013 niill\u00e4 haluttiin tuoda autoilijoille hyv\u00e4 mieli.&nbsp; Keskustayritysten perinteisess\u00e4 kisassa oli [&hellip;]<\/p>\n","protected":false},"author":4,"featured_media":1822,"comment_status":"open","ping_status":"open","sticky":false,"template":"","format":"standard","meta":{"_acf_changed":false,"content-type":"","footnotes":""},"categories":[1],"tags":[8,56,21],"class_list":["post-1821","post","type-post","status-publish","format-standard","has-post-thumbnail","hentry","category-yleinen","tag-joulu-2","tag-kauneinjouluikkuna","tag-tamperetunnetuksi"],"acf":[],"aioseo_notices":[],"_links":{"self":[{"href":"https:\/\/rakastampere.fi\/jasenille\/wp-json\/wp\/v2\/posts\/1821","targetHints":{"allow":["GET"]}}],"collection":[{"href":"https:\/\/rakastampere.fi\/jasenille\/wp-json\/wp\/v2\/posts"}],"about":[{"href":"https:\/\/rakastampere.fi\/jasenille\/wp-json\/wp\/v2\/types\/post"}],"author":[{"embeddable":true,"href":"https:\/\/rakastampere.fi\/jasenille\/wp-json\/wp\/v2\/users\/4"}],"replies":[{"embeddable":true,"href":"https:\/\/rakastampere.fi\/jasenille\/wp-json\/wp\/v2\/comments?post=1821"}],"version-history":[{"count":2,"href":"https:\/\/rakastampere.fi\/jasenille\/wp-json\/wp\/v2\/posts\/1821\/revisions"}],"predecessor-version":[{"id":1825,"href":"https:\/\/rakastampere.fi\/jasenille\/wp-json\/wp\/v2\/posts\/1821\/revisions\/1825"}],"wp:featuredmedia":[{"embeddable":true,"href":"https:\/\/rakastampere.fi\/jasenille\/wp-json\/wp\/v2\/media\/1822"}],"wp:attachment":[{"href":"https:\/\/rakastampere.fi\/jasenille\/wp-json\/wp\/v2\/media?parent=1821"}],"wp:term":[{"taxonomy":"category","embeddable":true,"href":"https:\/\/rakastampere.fi\/jasenille\/wp-json\/wp\/v2\/categories?post=1821"},{"taxonomy":"post_tag","embeddable":true,"href":"https:\/\/rakastampere.fi\/jasenille\/wp-json\/wp\/v2\/tags?post=1821"}],"curies":[{"name":"wp","href":"https:\/\/api.w.org\/{rel}","templated":true}]}}