{"id":1808,"date":"2025-11-17T12:50:39","date_gmt":"2025-11-17T10:50:39","guid":{"rendered":"https:\/\/rakastampere.fi\/jasenille\/?p=1808"},"modified":"2025-11-17T18:54:59","modified_gmt":"2025-11-17T16:54:59","slug":"tampereen-keskustan-joulun-avaus-lauantaina-22-11-2025","status":"publish","type":"post","link":"https:\/\/rakastampere.fi\/jasenille\/tampereen-keskustan-joulun-avaus-lauantaina-22-11-2025\/","title":{"rendered":"Tampereen keskustan joulun avaus lauantaina 22.11.2025"},"content":{"rendered":"\n<p>\u00a0\u00a0\u00a0\u00a0\u00a0\u00a0\u00a0\u00a0\u00a0\u00a0\u00a0\u00a0\u00a0\u00a0<strong><br>Marraskuisena lauantaina alkaa Tampereen keskustan joulun aika, kun Kaunein Jouluikkuna -kilpailu starttaa ja perinteinen joulun avaus tapahtuma tuo jouluparaatin Kauppakadulle sek\u00e4 Keskustorin kuusi saa valot. Tampereen Joulutori avautuu osittain my\u00f6s joulunavauslauantaina.<\/strong><\/p>\n\n\n\n<p>Perinteinen jouluparaati l\u00e4htee liikkeelle lauantaina 22.11.2025 kello 16 P\u00e4\u00e4kirjasto Metson luota, jatkaa H\u00e4meenpuiston l\u00e4pi Kauppakadun kautta Keskustorin joulukuusen ymp\u00e4rille.&nbsp;<strong><\/strong><\/p>\n\n\n\n<p>Jouluparaatissa on t\u00e4n\u00e4 vuonna enn\u00e4tysm\u00e4\u00e4r\u00e4 v\u00e4ke\u00e4: 120 p\u00e4\u00e4t\u00e4 13:sta eri tahosta. Mukana on urheilun, kulttuurin sek\u00e4 muiden seurojen ja ryhmien edustusta sek\u00e4 nelijalkaisia karvakavereita. N\u00e4ytt\u00e4v\u00e4ss\u00e4 joulupukin ja hevosk\u00e4rryn saattelemassa paraatissa ovat mukana mm. Pirkanmaan Tanssin Keskus, Tampereen jumppatiimi TAJU, Partiolippukunta Tampereen Kotkien tontut ja puhallinorkesteri, Kennelliiton kaverikoirat ja Tampere-Tartto-Seura ry. Paraatia voi seurata teiden varsilla Puutarhakadulla, H\u00e4meenpuistossa sek\u00e4 Kauppakadulla.&nbsp;<\/p>\n\n\n\n<p>Paraati huipentuu Keskustorille, jossa Ronja Alatalo toivottaa kulkueen rakkaudella tervetulleeksi ja joulun avatuksi. T\u00e4n\u00e4 vuonna joulupukki kapuaa my\u00f6s lavalle kaikkien n\u00e4ht\u00e4ville tuomaan tervehdyksen Korvatunturilta. Tapahtumassa sytytet\u00e4\u00e4n tietenkin kuusen valot ja Tampereen Yliopiston laulajat esitt\u00e4v\u00e4t jouluista musiikkia. Vanhaan Kirkkoon p\u00e4\u00e4see tutustumaan ja Joulutori on osittain avoinna eli ravintolat sek\u00e4 osa myyntikojuista ovat avoinna joulun avauksen aikana.<\/p>\n\n\n\n<p>Rakas Tampere yritysyhteis\u00f6n (Tampere Tunnetuksi ry) j\u00e4rjest\u00e4m\u00e4 tunnelmallinen ja kaikkien yhteinen tapahtuma kokoaa ison joukon ihmisi\u00e4 keskustaan.&nbsp;&nbsp;J\u00e4rjest\u00e4j\u00e4 kehottaa saapumaan keskustaan mahdollisuuksien mukaan joukkoliikenteen v\u00e4lineill\u00e4 ja huomioimaan, ett\u00e4 paraatin reitti ja Keskustorin tapahtuma-alue on suljettu l\u00e4piajolta tapahtuman ajan. Tarkemmat ohjeet ja ohjelmatiedot l\u00f6ytyv\u00e4t joulun avauksen sivuilla:&nbsp;<a href=\"https:\/\/rakastampere.fi\/tampereen-joulunavaus-2025\/\">https:\/\/rakastampere.fi\/tampereen-joulunavaus-2025\/<\/a>&nbsp;ja Rakas Tampere -somekanavilla.&nbsp;<\/p>\n\n\n\n<h2 class=\"wp-block-heading\">Kaunein jouluikkuna -tittelist\u00e4 kisaamassa 19 ikkunaa<\/h2>\n\n\n\n<p>Tampereen keskustan alueella Kaunein Jouluikkuna -tittelist\u00e4 kisaa 19 ikkunaa, jotka avautuvat lauantaina 22.11.2025. Kilpailun voittajaksi kruunataan ikkuna, jota \u00e4\u00e4nestet\u00e4\u00e4n eniten Rakas Tampere -sivuilla olevan lomakkeen kautta. \u00c4\u00e4nestys sulkeutuu 14.12., jolloin voittaja on tiedossa ennen joulua.&nbsp;&nbsp;Uutuutena t\u00e4n\u00e4 vuonna kilpailun j\u00e4rjest\u00e4j\u00e4t eli Tampere Tunnetuksi ry ja DesignOnTampere ry kutsuvat somistus ja design -alan ammattilaisraadin valitsemaan oman voittajaikkunan, jolle my\u00f6nnet\u00e4\u00e4n kunniamaininta.<\/p>\n\n\n\n<p><strong>Kaunein Jouluikkuna 2025 kilpailun osallistujat<\/strong><\/p>\n\n\n\n<p>Osallistujaikkunat kuvataan avausviikonloppuna ja kuvat vied\u00e4\u00e4n \u00e4\u00e4nestyslomakkeelle. Jokaisessa kisassa mukana olevasta ikkunasta l\u00f6ytyy \u00e4\u00e4nestysnumero sek\u00e4 qr-koodi \u00e4\u00e4nestyssivulle.<\/p>\n\n\n\n<p>Ikkuna numero 1&nbsp;&nbsp;&nbsp;&nbsp;&nbsp;&nbsp;&nbsp;&nbsp;&nbsp;&nbsp;&nbsp;&nbsp;&nbsp;&nbsp;&nbsp;&nbsp;&nbsp;&nbsp;&nbsp;&nbsp;&nbsp;&nbsp;&nbsp;&nbsp;&nbsp;&nbsp;&nbsp;&nbsp;&nbsp;&nbsp;&nbsp;Tallipiha, Kuninkaankatu 4<br>Ikkuna numero 2&nbsp;&nbsp;&nbsp;&nbsp;&nbsp;&nbsp;&nbsp;&nbsp;&nbsp;&nbsp;&nbsp;&nbsp;&nbsp;&nbsp;&nbsp;&nbsp;&nbsp;&nbsp;&nbsp;&nbsp;&nbsp;&nbsp;&nbsp;&nbsp;&nbsp;&nbsp;&nbsp;&nbsp;&nbsp;&nbsp;&nbsp;Stockmann, H\u00e4meenkatu 4<br>Ikkuna numero 3&nbsp;&nbsp;&nbsp;&nbsp;&nbsp;&nbsp;&nbsp;&nbsp;&nbsp;&nbsp;&nbsp;&nbsp;&nbsp;&nbsp;&nbsp;&nbsp;&nbsp;&nbsp;&nbsp;&nbsp;&nbsp;&nbsp;&nbsp;&nbsp;&nbsp;&nbsp;&nbsp;&nbsp;&nbsp;&nbsp;&nbsp;Kirjanpitotoimisto Kaleva Oy, Itsen\u00e4isyydenkatu 25 lh. 5<br>Ikkuna numero 4&nbsp;&nbsp;&nbsp;&nbsp;&nbsp;&nbsp;&nbsp;&nbsp;&nbsp;&nbsp;&nbsp;&nbsp;&nbsp;&nbsp;&nbsp;&nbsp;&nbsp;&nbsp;&nbsp;&nbsp;&nbsp;&nbsp;&nbsp;&nbsp;&nbsp;&nbsp;&nbsp;&nbsp;&nbsp;&nbsp;PALMROTH, Aleksis Kiven katu 30<br>Ikkuna numero 5&nbsp;&nbsp;&nbsp;&nbsp;&nbsp;&nbsp;&nbsp;&nbsp;&nbsp;&nbsp;&nbsp;&nbsp;&nbsp;&nbsp;&nbsp;&nbsp;&nbsp;&nbsp;&nbsp;&nbsp;&nbsp;&nbsp;&nbsp;&nbsp;&nbsp;&nbsp;&nbsp;&nbsp;&nbsp;&nbsp;&nbsp;Prime hair and beauty design Oy, Tampereen valtatie 4<br>Ikkuna numero 6&nbsp;&nbsp;&nbsp;&nbsp;&nbsp;&nbsp;&nbsp;&nbsp;&nbsp;&nbsp;&nbsp;&nbsp;&nbsp;&nbsp;&nbsp;&nbsp;&nbsp;&nbsp;&nbsp;&nbsp;&nbsp;&nbsp;&nbsp;&nbsp;&nbsp;&nbsp;&nbsp;&nbsp;&nbsp;&nbsp;Taito Shop, Verkaranta, Vuolteentori 2<br>Ikkuna numero 7&nbsp;&nbsp;&nbsp;&nbsp;&nbsp;&nbsp;&nbsp;&nbsp;&nbsp;&nbsp;&nbsp;&nbsp;&nbsp;&nbsp;&nbsp;&nbsp;&nbsp;&nbsp;&nbsp;&nbsp;&nbsp;&nbsp;&nbsp;&nbsp;&nbsp;&nbsp;&nbsp;&nbsp;&nbsp;&nbsp;&nbsp;Marimekko, H\u00e4meenkatu 19<br>Ikkuna numero 8&nbsp;&nbsp;&nbsp;&nbsp;&nbsp;&nbsp;&nbsp;&nbsp;&nbsp;&nbsp;&nbsp;&nbsp;&nbsp;&nbsp;&nbsp;&nbsp;&nbsp;&nbsp;&nbsp;&nbsp;&nbsp;&nbsp;&nbsp;&nbsp;&nbsp;&nbsp;&nbsp;&nbsp;&nbsp;&nbsp;Kalevan kello, Tuomiokirkonkatu 17<br>Ikkuna numero 9&nbsp;&nbsp;&nbsp;&nbsp;&nbsp;&nbsp;&nbsp;&nbsp;&nbsp;&nbsp;&nbsp;&nbsp;&nbsp;&nbsp;&nbsp;&nbsp;&nbsp;&nbsp;&nbsp;&nbsp;&nbsp;&nbsp;&nbsp;&nbsp;&nbsp;&nbsp;&nbsp;&nbsp;&nbsp;&nbsp;Timberwise Oy, Aleksis Kiven katu 11<br>Ikkuna numero 10&nbsp;&nbsp;&nbsp;&nbsp;&nbsp;&nbsp;&nbsp;&nbsp;&nbsp;&nbsp;&nbsp;&nbsp;&nbsp;&nbsp;&nbsp;&nbsp;&nbsp;&nbsp;&nbsp;&nbsp;&nbsp;&nbsp;&nbsp;&nbsp;&nbsp;&nbsp;&nbsp;&nbsp;Matka- ja Nahkatavaraliike Suhonen Oy, Tuomiokirkonkatu 32<br>Ikkuna numero 11&nbsp;&nbsp;&nbsp;&nbsp;&nbsp;&nbsp;&nbsp;&nbsp;&nbsp;&nbsp;&nbsp;&nbsp;&nbsp;&nbsp;&nbsp;&nbsp;&nbsp;&nbsp;&nbsp;&nbsp;&nbsp;&nbsp;&nbsp;&nbsp;&nbsp;&nbsp;&nbsp;&nbsp;&nbsp;&nbsp;Kauppakeskus Ratina, Vuolteenkatu 1<br>Ikkuna numero 12&nbsp;&nbsp;&nbsp;&nbsp;&nbsp;&nbsp;&nbsp;&nbsp;&nbsp;&nbsp;&nbsp;&nbsp;&nbsp;&nbsp;&nbsp;&nbsp;&nbsp;&nbsp;&nbsp;&nbsp;&nbsp;&nbsp;&nbsp;&nbsp;&nbsp;&nbsp;&nbsp;&nbsp;&nbsp;HAY Second Hand, Aleksanterinkatu 17<br>Ikkuna numero 13&nbsp;&nbsp;&nbsp;&nbsp;&nbsp;&nbsp;&nbsp;&nbsp;&nbsp;&nbsp;&nbsp;&nbsp;&nbsp;&nbsp;&nbsp;&nbsp;&nbsp;&nbsp;&nbsp;&nbsp;&nbsp;&nbsp;&nbsp;&nbsp;&nbsp;&nbsp;&nbsp;&nbsp;&nbsp;Kuvataiteilija Pia Feinik, Pirkankatu 1<br>Ikkuna numero 14&nbsp;&nbsp;&nbsp;&nbsp;&nbsp;&nbsp;&nbsp;&nbsp;&nbsp;&nbsp;&nbsp;&nbsp;&nbsp;&nbsp;&nbsp;&nbsp;&nbsp;&nbsp;&nbsp;&nbsp;&nbsp;&nbsp;&nbsp;&nbsp;&nbsp;&nbsp;&nbsp;&nbsp;&nbsp;Atmos Brewing &amp; Taproom, Peltokatu 12<br>Ikkuna numero 15&nbsp;&nbsp;&nbsp;&nbsp;&nbsp;&nbsp;&nbsp;&nbsp;&nbsp;&nbsp;&nbsp;&nbsp;&nbsp;&nbsp;&nbsp;&nbsp;&nbsp;&nbsp;&nbsp;&nbsp;&nbsp;&nbsp;&nbsp;&nbsp;&nbsp;&nbsp;&nbsp;&nbsp;&nbsp;Unisex, Rautatienkatu 22<br>Ikkuna numero 16&nbsp;&nbsp;&nbsp;&nbsp;&nbsp;&nbsp;&nbsp;&nbsp;&nbsp;&nbsp;&nbsp;&nbsp;&nbsp;&nbsp;&nbsp;&nbsp;&nbsp;&nbsp;&nbsp;&nbsp;&nbsp;&nbsp;&nbsp;&nbsp;&nbsp;&nbsp;&nbsp;&nbsp;&nbsp;INCH Store, Kuninkaankatu 21<br>Ikkuna numero 17&nbsp;&nbsp;&nbsp;&nbsp;&nbsp;&nbsp;&nbsp;&nbsp;&nbsp;&nbsp;&nbsp;&nbsp;&nbsp;&nbsp;&nbsp;&nbsp;&nbsp;&nbsp;&nbsp;&nbsp;&nbsp;&nbsp;&nbsp;&nbsp;&nbsp;&nbsp;&nbsp;&nbsp;&nbsp;K-Supermarket Kuninkaankulma, Kuninkaankatu 14-16<br>Ikkuna numero 18&nbsp;&nbsp;&nbsp;&nbsp;&nbsp;&nbsp;&nbsp;&nbsp;&nbsp;&nbsp;&nbsp;&nbsp;&nbsp;&nbsp;&nbsp;&nbsp;&nbsp;&nbsp;&nbsp;&nbsp;&nbsp;&nbsp;&nbsp;&nbsp;&nbsp;&nbsp;&nbsp;&nbsp;&nbsp;Bistro Venla, Kauppakatu 6<br>Ikkuna numero 19&nbsp;&nbsp;&nbsp;&nbsp;&nbsp;&nbsp;&nbsp;&nbsp;&nbsp;&nbsp;&nbsp;&nbsp;&nbsp;&nbsp;&nbsp;&nbsp;&nbsp;&nbsp;&nbsp;&nbsp;&nbsp;&nbsp;&nbsp;&nbsp;&nbsp;&nbsp;&nbsp;&nbsp;&nbsp;Kello- ja kultasep\u00e4nliike J.I. Wahlberg, H\u00e4meenkatu 27<\/p>\n\n\n\n<h3 class=\"wp-block-heading\"><br>Rakas Tampere yritysyhteis\u00f6 &#8211; Tampere Tunnetuksi ry&nbsp;<\/h3>\n\n\n\n<p>Tampere Tunnetuksi ry on 60-vuotias ydinkeskustan yritysten oma yhdistys, joka tekee yhdess\u00e4 kaupungin ja j\u00e4sentens\u00e4 kanssa Tampereen keskustasta Suomen parasta paikkaa. Yhdistys auttaa erityisesti j\u00e4seni\u00e4\u00e4n tekem\u00e4\u00e4n liiketoimintaa Tampereen keskustassa sek\u00e4 markkinoi toiminnallaan Tampereen ydinaluetta. Yhdistys huolehtii Rakas Tampere Passi etu- ja tarjousosiosta Tampere.Finland -mobiilisovelluksessa, josta l\u00f6ytyy runsaasti mielenkiintoisia etuuksia keskustan liikkeisiin ja palveluihin. Rakas Tampere yritysyhteis\u00f6n j\u00e4senet ovat keskustan yrityksi\u00e4 isoista pieniin ja palveluista kauppaan sek\u00e4 kulttuuriin. My\u00f6s kiinteist\u00f6omistajat ja taloyhti\u00f6t keskusta-alueella ovat yhdistyksen j\u00e4seni\u00e4.<\/p>\n\n\n\n<p><\/p>\n","protected":false},"excerpt":{"rendered":"<p>\u00a0\u00a0\u00a0\u00a0\u00a0\u00a0\u00a0\u00a0\u00a0\u00a0\u00a0\u00a0\u00a0\u00a0Marraskuisena lauantaina alkaa Tampereen keskustan joulun aika, kun Kaunein Jouluikkuna -kilpailu starttaa ja perinteinen joulun avaus tapahtuma tuo jouluparaatin Kauppakadulle sek\u00e4 Keskustorin kuusi saa valot. Tampereen Joulutori avautuu osittain my\u00f6s joulunavauslauantaina. Perinteinen jouluparaati l\u00e4htee liikkeelle lauantaina 22.11.2025 kello 16 P\u00e4\u00e4kirjasto Metson luota, jatkaa H\u00e4meenpuiston l\u00e4pi Kauppakadun kautta Keskustorin joulukuusen ymp\u00e4rille.&nbsp; Jouluparaatissa on t\u00e4n\u00e4 vuonna enn\u00e4tysm\u00e4\u00e4r\u00e4 [&hellip;]<\/p>\n","protected":false},"author":4,"featured_media":1560,"comment_status":"open","ping_status":"open","sticky":false,"template":"","format":"standard","meta":{"_acf_changed":false,"content-type":"","footnotes":""},"categories":[1],"tags":[],"class_list":["post-1808","post","type-post","status-publish","format-standard","has-post-thumbnail","hentry","category-yleinen"],"acf":[],"aioseo_notices":[],"_links":{"self":[{"href":"https:\/\/rakastampere.fi\/jasenille\/wp-json\/wp\/v2\/posts\/1808","targetHints":{"allow":["GET"]}}],"collection":[{"href":"https:\/\/rakastampere.fi\/jasenille\/wp-json\/wp\/v2\/posts"}],"about":[{"href":"https:\/\/rakastampere.fi\/jasenille\/wp-json\/wp\/v2\/types\/post"}],"author":[{"embeddable":true,"href":"https:\/\/rakastampere.fi\/jasenille\/wp-json\/wp\/v2\/users\/4"}],"replies":[{"embeddable":true,"href":"https:\/\/rakastampere.fi\/jasenille\/wp-json\/wp\/v2\/comments?post=1808"}],"version-history":[{"count":2,"href":"https:\/\/rakastampere.fi\/jasenille\/wp-json\/wp\/v2\/posts\/1808\/revisions"}],"predecessor-version":[{"id":1812,"href":"https:\/\/rakastampere.fi\/jasenille\/wp-json\/wp\/v2\/posts\/1808\/revisions\/1812"}],"wp:featuredmedia":[{"embeddable":true,"href":"https:\/\/rakastampere.fi\/jasenille\/wp-json\/wp\/v2\/media\/1560"}],"wp:attachment":[{"href":"https:\/\/rakastampere.fi\/jasenille\/wp-json\/wp\/v2\/media?parent=1808"}],"wp:term":[{"taxonomy":"category","embeddable":true,"href":"https:\/\/rakastampere.fi\/jasenille\/wp-json\/wp\/v2\/categories?post=1808"},{"taxonomy":"post_tag","embeddable":true,"href":"https:\/\/rakastampere.fi\/jasenille\/wp-json\/wp\/v2\/tags?post=1808"}],"curies":[{"name":"wp","href":"https:\/\/api.w.org\/{rel}","templated":true}]}}