{"id":1774,"date":"2025-10-29T11:06:15","date_gmt":"2025-10-29T09:06:15","guid":{"rendered":"https:\/\/rakastampere.fi\/jasenille\/?p=1774"},"modified":"2025-12-10T15:39:20","modified_gmt":"2025-12-10T13:39:20","slug":"raatihuoneen-joulupuurot2025","status":"publish","type":"post","link":"https:\/\/rakastampere.fi\/jasenille\/raatihuoneen-joulupuurot2025\/","title":{"rendered":"Raatihuoneen joulupuurot"},"content":{"rendered":"\n<p>Tampereen kaupunki onnittelee 60-vuotiasta keskustan kehitt\u00e4misyhdistyst\u00e4 Tampere Tunnetuksi ry:t\u00e4 ja kutsuu sen j\u00e4senet joulupuurotilaisuuteen Raatihuoneelle keskiviikkona 17.12.2025 kello 8.30 alkaen.<\/p>\n\n\n\n<p>Ohjelmassa:<\/p>\n\n\n\n<ul class=\"wp-block-list\">\n<li>Tampereen kaupungin tervehdys<\/li>\n\n\n\n<li>Vuoden 2025 J\u00e4senyrityksen julkistus<\/li>\n\n\n\n<li>Verkostoitumista ja keskustelua ajankohtaisista asioista<\/li>\n<\/ul>\n\n\n\n<p><strong>Tervetuloa!&nbsp;<\/strong><\/p>\n\n\n\n<p>Kutsu on kahdelle henkil\u00f6lle \/ j\u00e4senyritys.&nbsp;<br>Tilaisuus on maksuton.<br>Ilmoittautuminen p\u00e4\u00e4ttyy tiistaina 9.12. tai kun tilaisuus on t\u00e4ynn\u00e4. (tilaan mahtuu maksimissaan 90 henke\u00e4).<\/p>\n\n\n\n<blockquote class=\"wp-block-quote is-layout-flow wp-block-quote-is-layout-flow\">\n<p>Tilaisuuteen ilmoittautuminen on p\u00e4\u00e4ttynyt.<\/p>\n<\/blockquote>\n","protected":false},"excerpt":{"rendered":"<p>Tampereen kaupunki onnittelee 60-vuotiasta keskustan kehitt\u00e4misyhdistyst\u00e4 Tampere Tunnetuksi ry:t\u00e4 ja kutsuu sen j\u00e4senet joulupuurotilaisuuteen Raatihuoneelle keskiviikkona 17.12.2025 kello 8.30 alkaen. Ohjelmassa: Tervetuloa!&nbsp; Kutsu on kahdelle henkil\u00f6lle \/ j\u00e4senyritys.&nbsp;Tilaisuus on maksuton.Ilmoittautuminen p\u00e4\u00e4ttyy tiistaina 9.12. tai kun tilaisuus on t\u00e4ynn\u00e4. (tilaan mahtuu maksimissaan 90 henke\u00e4). Tilaisuuteen ilmoittautuminen on p\u00e4\u00e4ttynyt.<\/p>\n","protected":false},"author":4,"featured_media":1775,"comment_status":"open","ping_status":"open","sticky":false,"template":"","format":"standard","meta":{"_acf_changed":false,"content-type":"","footnotes":""},"categories":[1],"tags":[38,39,12],"class_list":["post-1774","post","type-post","status-publish","format-standard","has-post-thumbnail","hentry","category-yleinen","tag-jasentapahtuma","tag-keskustanyrityksille","tag-vuodenjasenyritys"],"acf":[],"aioseo_notices":[],"_links":{"self":[{"href":"https:\/\/rakastampere.fi\/jasenille\/wp-json\/wp\/v2\/posts\/1774","targetHints":{"allow":["GET"]}}],"collection":[{"href":"https:\/\/rakastampere.fi\/jasenille\/wp-json\/wp\/v2\/posts"}],"about":[{"href":"https:\/\/rakastampere.fi\/jasenille\/wp-json\/wp\/v2\/types\/post"}],"author":[{"embeddable":true,"href":"https:\/\/rakastampere.fi\/jasenille\/wp-json\/wp\/v2\/users\/4"}],"replies":[{"embeddable":true,"href":"https:\/\/rakastampere.fi\/jasenille\/wp-json\/wp\/v2\/comments?post=1774"}],"version-history":[{"count":3,"href":"https:\/\/rakastampere.fi\/jasenille\/wp-json\/wp\/v2\/posts\/1774\/revisions"}],"predecessor-version":[{"id":1818,"href":"https:\/\/rakastampere.fi\/jasenille\/wp-json\/wp\/v2\/posts\/1774\/revisions\/1818"}],"wp:featuredmedia":[{"embeddable":true,"href":"https:\/\/rakastampere.fi\/jasenille\/wp-json\/wp\/v2\/media\/1775"}],"wp:attachment":[{"href":"https:\/\/rakastampere.fi\/jasenille\/wp-json\/wp\/v2\/media?parent=1774"}],"wp:term":[{"taxonomy":"category","embeddable":true,"href":"https:\/\/rakastampere.fi\/jasenille\/wp-json\/wp\/v2\/categories?post=1774"},{"taxonomy":"post_tag","embeddable":true,"href":"https:\/\/rakastampere.fi\/jasenille\/wp-json\/wp\/v2\/tags?post=1774"}],"curies":[{"name":"wp","href":"https:\/\/api.w.org\/{rel}","templated":true}]}}