{"id":1720,"date":"2025-09-23T13:03:10","date_gmt":"2025-09-23T10:03:10","guid":{"rendered":"https:\/\/rakastampere.fi\/jasenille\/?p=1720"},"modified":"2025-09-23T13:03:45","modified_gmt":"2025-09-23T10:03:45","slug":"juhlavuosi","status":"publish","type":"post","link":"https:\/\/rakastampere.fi\/jasenille\/juhlavuosi\/","title":{"rendered":"Juhlavuosi"},"content":{"rendered":"\n<p>Tampere Tunnetuksi t\u00e4ytt\u00e4\u00e4 jo 60-vuotta kuluvana vuonna.<\/p>\n\n\n\n<p>Juhlavuoden kunniaksi pidet\u00e4\u00e4n seminaari, jonne kutsutaan j\u00e4senist\u00f6n edustajat, Tampereen p\u00e4\u00e4tt\u00e4ji\u00e4, Tampereen kaupungin viranhaltijoita sek\u00e4 t\u00e4rkeit\u00e4 kaupunkikehityksen kumppaneita.<\/p>\n\n\n\n<p>Toivomme kutsun saaneita <a href=\"https:\/\/rakastampere.fi\/jasenille\/juhlaseminaari\/\" title=\"\">ilmoittautumaan<\/a> juhlaan 30.10. menness\u00e4.<\/p>\n","protected":false},"excerpt":{"rendered":"<p>Tampere Tunnetuksi t\u00e4ytt\u00e4\u00e4 jo 60-vuotta kuluvana vuonna. Juhlavuoden kunniaksi pidet\u00e4\u00e4n seminaari, jonne kutsutaan j\u00e4senist\u00f6n edustajat, Tampereen p\u00e4\u00e4tt\u00e4ji\u00e4, Tampereen kaupungin viranhaltijoita sek\u00e4 t\u00e4rkeit\u00e4 kaupunkikehityksen kumppaneita. Toivomme kutsun saaneita ilmoittautumaan juhlaan 30.10. menness\u00e4.<\/p>\n","protected":false},"author":4,"featured_media":1721,"comment_status":"open","ping_status":"open","sticky":false,"template":"","format":"standard","meta":{"_acf_changed":false,"content-type":"","footnotes":""},"categories":[1],"tags":[],"class_list":["post-1720","post","type-post","status-publish","format-standard","has-post-thumbnail","hentry","category-yleinen"],"acf":[],"aioseo_notices":[],"_links":{"self":[{"href":"https:\/\/rakastampere.fi\/jasenille\/wp-json\/wp\/v2\/posts\/1720","targetHints":{"allow":["GET"]}}],"collection":[{"href":"https:\/\/rakastampere.fi\/jasenille\/wp-json\/wp\/v2\/posts"}],"about":[{"href":"https:\/\/rakastampere.fi\/jasenille\/wp-json\/wp\/v2\/types\/post"}],"author":[{"embeddable":true,"href":"https:\/\/rakastampere.fi\/jasenille\/wp-json\/wp\/v2\/users\/4"}],"replies":[{"embeddable":true,"href":"https:\/\/rakastampere.fi\/jasenille\/wp-json\/wp\/v2\/comments?post=1720"}],"version-history":[{"count":2,"href":"https:\/\/rakastampere.fi\/jasenille\/wp-json\/wp\/v2\/posts\/1720\/revisions"}],"predecessor-version":[{"id":1723,"href":"https:\/\/rakastampere.fi\/jasenille\/wp-json\/wp\/v2\/posts\/1720\/revisions\/1723"}],"wp:featuredmedia":[{"embeddable":true,"href":"https:\/\/rakastampere.fi\/jasenille\/wp-json\/wp\/v2\/media\/1721"}],"wp:attachment":[{"href":"https:\/\/rakastampere.fi\/jasenille\/wp-json\/wp\/v2\/media?parent=1720"}],"wp:term":[{"taxonomy":"category","embeddable":true,"href":"https:\/\/rakastampere.fi\/jasenille\/wp-json\/wp\/v2\/categories?post=1720"},{"taxonomy":"post_tag","embeddable":true,"href":"https:\/\/rakastampere.fi\/jasenille\/wp-json\/wp\/v2\/tags?post=1720"}],"curies":[{"name":"wp","href":"https:\/\/api.w.org\/{rel}","templated":true}]}}