{"id":1716,"date":"2025-09-23T10:53:18","date_gmt":"2025-09-23T07:53:18","guid":{"rendered":"https:\/\/rakastampere.fi\/jasenille\/?p=1716"},"modified":"2025-09-23T10:58:24","modified_gmt":"2025-09-23T07:58:24","slug":"kutsu-vuosikokoukseen","status":"publish","type":"post","link":"https:\/\/rakastampere.fi\/jasenille\/kutsu-vuosikokoukseen\/","title":{"rendered":"Kutsu vuosikokoukseen"},"content":{"rendered":"\n<p>Tampere Tunnetuksi ry:n vuosikokous pidet\u00e4\u00e4n s\u00e4\u00e4nt\u00f6m\u00e4\u00e4r\u00e4isen\u00e4 tiistaina 21.10.2025 kello 8.30 -10.<\/p>\n\n\n\n<p>Tule aamukahville, kuulemaan yhdistyksen kuulumisia, tapaamaan muita keskustan yrityksien edustajia sek\u00e4 tekem\u00e4\u00e4n p\u00e4\u00e4t\u00f6ksi\u00e4 innostavassa ja tulevaisuuteen suuntaavassa tunnelmassa. <\/p>\n\n\n\n<p>Kokouksessa k\u00e4sitelt\u00e4vin\u00e4 asioina ovat <a href=\"https:\/\/rakastampere.fi\/jasenille\/saannot\/\" target=\"_blank\" rel=\"noopener\" title=\"\">s\u00e4\u00e4nt\u00f6m\u00e4\u00e4r\u00e4iset<\/a> asiat eli vuoden 2024 tilinp\u00e4\u00e4t\u00f6s, vuoden 2026 suunnitelmat sek\u00e4 henkil\u00f6valinnat <a href=\"https:\/\/rakastampere.fi\/jasenille\/hallitus\/\" target=\"_blank\" rel=\"noopener\" title=\"\">hallitukseen<\/a>.<\/p>\n\n\n\n<p>Tule rohkeasti mukaan, kokous ei vaadi ennakkoilmoittautumisia mutta toivomme ett\u00e4 voisit t\u00e4ytt\u00e4\u00e4 lomakkeen niin osaamme tilata tarpeeksi kahvia ja suolaista piirakkaa.<\/p>\n\n\n\n<p>Tervetuloa! <\/p>\n\n\n\n","protected":false},"excerpt":{"rendered":"<p>Tampere Tunnetuksi ry:n vuosikokous pidet\u00e4\u00e4n s\u00e4\u00e4nt\u00f6m\u00e4\u00e4r\u00e4isen\u00e4 tiistaina 21.10.2025 kello 8.30 -10. Tule aamukahville, kuulemaan yhdistyksen kuulumisia, tapaamaan muita keskustan yrityksien edustajia sek\u00e4 tekem\u00e4\u00e4n p\u00e4\u00e4t\u00f6ksi\u00e4 innostavassa ja tulevaisuuteen suuntaavassa tunnelmassa. Kokouksessa k\u00e4sitelt\u00e4vin\u00e4 asioina ovat s\u00e4\u00e4nt\u00f6m\u00e4\u00e4r\u00e4iset asiat eli vuoden 2024 tilinp\u00e4\u00e4t\u00f6s, vuoden 2026 suunnitelmat sek\u00e4 henkil\u00f6valinnat hallitukseen. Tule rohkeasti mukaan, kokous ei vaadi ennakkoilmoittautumisia mutta toivomme ett\u00e4 [&hellip;]<\/p>\n","protected":false},"author":4,"featured_media":338,"comment_status":"open","ping_status":"open","sticky":false,"template":"","format":"standard","meta":{"_acf_changed":false,"content-type":"","footnotes":""},"categories":[1],"tags":[21,37,36],"class_list":["post-1716","post","type-post","status-publish","format-standard","has-post-thumbnail","hentry","category-yleinen","tag-tamperetunnetuksi","tag-toimintasuunnitelma","tag-vuosikokous"],"acf":[],"aioseo_notices":[],"_links":{"self":[{"href":"https:\/\/rakastampere.fi\/jasenille\/wp-json\/wp\/v2\/posts\/1716","targetHints":{"allow":["GET"]}}],"collection":[{"href":"https:\/\/rakastampere.fi\/jasenille\/wp-json\/wp\/v2\/posts"}],"about":[{"href":"https:\/\/rakastampere.fi\/jasenille\/wp-json\/wp\/v2\/types\/post"}],"author":[{"embeddable":true,"href":"https:\/\/rakastampere.fi\/jasenille\/wp-json\/wp\/v2\/users\/4"}],"replies":[{"embeddable":true,"href":"https:\/\/rakastampere.fi\/jasenille\/wp-json\/wp\/v2\/comments?post=1716"}],"version-history":[{"count":3,"href":"https:\/\/rakastampere.fi\/jasenille\/wp-json\/wp\/v2\/posts\/1716\/revisions"}],"predecessor-version":[{"id":1719,"href":"https:\/\/rakastampere.fi\/jasenille\/wp-json\/wp\/v2\/posts\/1716\/revisions\/1719"}],"wp:featuredmedia":[{"embeddable":true,"href":"https:\/\/rakastampere.fi\/jasenille\/wp-json\/wp\/v2\/media\/338"}],"wp:attachment":[{"href":"https:\/\/rakastampere.fi\/jasenille\/wp-json\/wp\/v2\/media?parent=1716"}],"wp:term":[{"taxonomy":"category","embeddable":true,"href":"https:\/\/rakastampere.fi\/jasenille\/wp-json\/wp\/v2\/categories?post=1716"},{"taxonomy":"post_tag","embeddable":true,"href":"https:\/\/rakastampere.fi\/jasenille\/wp-json\/wp\/v2\/tags?post=1716"}],"curies":[{"name":"wp","href":"https:\/\/api.w.org\/{rel}","templated":true}]}}