{"id":1688,"date":"2025-08-27T13:10:18","date_gmt":"2025-08-27T10:10:18","guid":{"rendered":"https:\/\/rakastampere.fi\/jasenille\/?p=1688"},"modified":"2025-08-27T13:10:18","modified_gmt":"2025-08-27T10:10:18","slug":"visuaalinen-myynti-tule-koulutukseen-24-9-2025","status":"publish","type":"post","link":"https:\/\/rakastampere.fi\/jasenille\/visuaalinen-myynti-tule-koulutukseen-24-9-2025\/","title":{"rendered":"Visuaalinen myynti: Tule koulutukseen 24.9.2025"},"content":{"rendered":"\n<p>Tule kuulemaan tuoreet ja hyv\u00e4ksikoetut vinkit tamperelaiselta alan ammattilaiselta Manta Viitakoskelta. Tapaamme P\u00e4\u00e4kirjastotalo Metson pohjakerroksen luentosalissa syyskuun lopulla. Aamun aikana on my\u00f6s hyv\u00e4 tilaisuus verkostoitua keskustan fiiliksen luojien kanssa.<\/p>\n\n\n\n<div class=\"wp-block-buttons is-layout-flex wp-block-buttons-is-layout-flex\">\n<div class=\"wp-block-button\"><a class=\"wp-block-button__link wp-element-button\" href=\"https:\/\/rakastampere.fi\/jasenille\/visuaalisen-markkinoinnin-koulutus-2025\/\">Lue lis\u00e4\u00e4!<\/a><\/div>\n<\/div>\n","protected":false},"excerpt":{"rendered":"<p>Tule kuulemaan tuoreet ja hyv\u00e4ksikoetut vinkit tamperelaiselta alan ammattilaiselta Manta Viitakoskelta. Tapaamme P\u00e4\u00e4kirjastotalo Metson pohjakerroksen luentosalissa syyskuun lopulla. Aamun aikana on my\u00f6s hyv\u00e4 tilaisuus verkostoitua keskustan fiiliksen luojien kanssa.<\/p>\n","protected":false},"author":5,"featured_media":1675,"comment_status":"open","ping_status":"open","sticky":false,"template":"","format":"standard","meta":{"_acf_changed":false,"content-type":"","footnotes":""},"categories":[1],"tags":[],"class_list":["post-1688","post","type-post","status-publish","format-standard","has-post-thumbnail","hentry","category-yleinen"],"acf":[],"aioseo_notices":[],"_links":{"self":[{"href":"https:\/\/rakastampere.fi\/jasenille\/wp-json\/wp\/v2\/posts\/1688","targetHints":{"allow":["GET"]}}],"collection":[{"href":"https:\/\/rakastampere.fi\/jasenille\/wp-json\/wp\/v2\/posts"}],"about":[{"href":"https:\/\/rakastampere.fi\/jasenille\/wp-json\/wp\/v2\/types\/post"}],"author":[{"embeddable":true,"href":"https:\/\/rakastampere.fi\/jasenille\/wp-json\/wp\/v2\/users\/5"}],"replies":[{"embeddable":true,"href":"https:\/\/rakastampere.fi\/jasenille\/wp-json\/wp\/v2\/comments?post=1688"}],"version-history":[{"count":2,"href":"https:\/\/rakastampere.fi\/jasenille\/wp-json\/wp\/v2\/posts\/1688\/revisions"}],"predecessor-version":[{"id":1690,"href":"https:\/\/rakastampere.fi\/jasenille\/wp-json\/wp\/v2\/posts\/1688\/revisions\/1690"}],"wp:featuredmedia":[{"embeddable":true,"href":"https:\/\/rakastampere.fi\/jasenille\/wp-json\/wp\/v2\/media\/1675"}],"wp:attachment":[{"href":"https:\/\/rakastampere.fi\/jasenille\/wp-json\/wp\/v2\/media?parent=1688"}],"wp:term":[{"taxonomy":"category","embeddable":true,"href":"https:\/\/rakastampere.fi\/jasenille\/wp-json\/wp\/v2\/categories?post=1688"},{"taxonomy":"post_tag","embeddable":true,"href":"https:\/\/rakastampere.fi\/jasenille\/wp-json\/wp\/v2\/tags?post=1688"}],"curies":[{"name":"wp","href":"https:\/\/api.w.org\/{rel}","templated":true}]}}