{"id":1583,"date":"2025-06-18T10:54:30","date_gmt":"2025-06-18T07:54:30","guid":{"rendered":"https:\/\/rakastampere.fi\/jasenille\/?p=1583"},"modified":"2025-06-18T10:54:30","modified_gmt":"2025-06-18T07:54:30","slug":"joulun-avaus-22-11-2025","status":"publish","type":"post","link":"https:\/\/rakastampere.fi\/jasenille\/joulun-avaus-22-11-2025\/","title":{"rendered":"Joulun avaus 22.11.2025"},"content":{"rendered":"\n<p>Tampereen keskustan joulun avauksen p\u00e4iv\u00e4m\u00e4\u00e4r\u00e4 on lauantai 22.11.2025. Tampere Tunnetuksi j\u00e4rjest\u00e4\u00e4 marraskuisena lauantaina perinteisen joulun avauksen eli jouluinen paraati H\u00e4meenpuistosta Keskustorille ja iloista ohjelmaa Keskustorilla. Joulun avauksessa sytytet\u00e4\u00e4n Keskustorin joulukuusen jouluvalot.<\/p>\n\n\n\n<p>Kaunein Jouluikkuna kilpailu starttaa joulun avauksen p\u00e4iv\u00e4n\u00e4 my\u00f6s. Kisa p\u00e4\u00e4ttyy joulukuussa jotta voittaja voidaan l\u00e4hett\u00e4\u00e4 kansalliseen kilpailuun mukaan.<\/p>\n\n\n\n<p>Huolehdi kes\u00e4helteill\u00e4 ett\u00e4 teid\u00e4n yritys on mukana joulun kokonaisuuksissa ja klikkaile ilmoittautumiset kuntoon t\u00e4\u00e4lt\u00e4: <a href=\"https:\/\/rakastampere.fi\/jasenille\/joulu2025\/\" target=\"_blank\" rel=\"noopener\" title=\"\">rakastampere.fi\/jasenille\/joulu2025\/<\/a><\/p>\n\n\n\n<p>Joulun avauksen tuottajana toimii tapahtumatuottaja <strong>Meiju Mertanen <\/strong>(kuva alla). Meijulle voi laittaa s\u00e4hk\u00f6postia osoitteeseen joulu@tamperetunnetuksi.fi .<\/p>\n\n\n\n<p><\/p>\n\n\n\n<figure class=\"wp-block-gallery has-nested-images columns-default is-cropped wp-block-gallery-1 is-layout-flex wp-block-gallery-is-layout-flex\">\n<figure class=\"wp-block-image size-large\"><img loading=\"lazy\" decoding=\"async\" width=\"840\" height=\"999\" data-id=\"1584\" src=\"https:\/\/rakastampere.fi\/jasenille\/wp-content\/uploads\/sites\/2\/2025\/06\/MeijuMertanen_kuva.jpeg\" alt=\"\" class=\"wp-image-1584\" srcset=\"https:\/\/rakastampere.fi\/jasenille\/wp-content\/uploads\/sites\/2\/2025\/06\/MeijuMertanen_kuva.jpeg 840w, https:\/\/rakastampere.fi\/jasenille\/wp-content\/uploads\/sites\/2\/2025\/06\/MeijuMertanen_kuva-673x800.jpeg 673w, https:\/\/rakastampere.fi\/jasenille\/wp-content\/uploads\/sites\/2\/2025\/06\/MeijuMertanen_kuva-768x913.jpeg 768w\" sizes=\"auto, (max-width: 840px) 100vw, 840px\" \/><\/figure>\n<\/figure>\n","protected":false},"excerpt":{"rendered":"<p>Tampereen keskustan joulun avauksen p\u00e4iv\u00e4m\u00e4\u00e4r\u00e4 on lauantai 22.11.2025. Tampere Tunnetuksi j\u00e4rjest\u00e4\u00e4 marraskuisena lauantaina perinteisen joulun avauksen eli jouluinen paraati H\u00e4meenpuistosta Keskustorille ja iloista ohjelmaa Keskustorilla. Joulun avauksessa sytytet\u00e4\u00e4n Keskustorin joulukuusen jouluvalot. Kaunein Jouluikkuna kilpailu starttaa joulun avauksen p\u00e4iv\u00e4n\u00e4 my\u00f6s. Kisa p\u00e4\u00e4ttyy joulukuussa jotta voittaja voidaan l\u00e4hett\u00e4\u00e4 kansalliseen kilpailuun mukaan. Huolehdi kes\u00e4helteill\u00e4 ett\u00e4 teid\u00e4n yritys on [&hellip;]<\/p>\n","protected":false},"author":4,"featured_media":1423,"comment_status":"open","ping_status":"open","sticky":false,"template":"","format":"standard","meta":{"_acf_changed":false,"content-type":"","footnotes":""},"categories":[1],"tags":[55,15,56],"class_list":["post-1583","post","type-post","status-publish","format-standard","has-post-thumbnail","hentry","category-yleinen","tag-joulu2025","tag-joulunavaus","tag-kauneinjouluikkuna"],"acf":[],"aioseo_notices":[],"_links":{"self":[{"href":"https:\/\/rakastampere.fi\/jasenille\/wp-json\/wp\/v2\/posts\/1583","targetHints":{"allow":["GET"]}}],"collection":[{"href":"https:\/\/rakastampere.fi\/jasenille\/wp-json\/wp\/v2\/posts"}],"about":[{"href":"https:\/\/rakastampere.fi\/jasenille\/wp-json\/wp\/v2\/types\/post"}],"author":[{"embeddable":true,"href":"https:\/\/rakastampere.fi\/jasenille\/wp-json\/wp\/v2\/users\/4"}],"replies":[{"embeddable":true,"href":"https:\/\/rakastampere.fi\/jasenille\/wp-json\/wp\/v2\/comments?post=1583"}],"version-history":[{"count":1,"href":"https:\/\/rakastampere.fi\/jasenille\/wp-json\/wp\/v2\/posts\/1583\/revisions"}],"predecessor-version":[{"id":1585,"href":"https:\/\/rakastampere.fi\/jasenille\/wp-json\/wp\/v2\/posts\/1583\/revisions\/1585"}],"wp:featuredmedia":[{"embeddable":true,"href":"https:\/\/rakastampere.fi\/jasenille\/wp-json\/wp\/v2\/media\/1423"}],"wp:attachment":[{"href":"https:\/\/rakastampere.fi\/jasenille\/wp-json\/wp\/v2\/media?parent=1583"}],"wp:term":[{"taxonomy":"category","embeddable":true,"href":"https:\/\/rakastampere.fi\/jasenille\/wp-json\/wp\/v2\/categories?post=1583"},{"taxonomy":"post_tag","embeddable":true,"href":"https:\/\/rakastampere.fi\/jasenille\/wp-json\/wp\/v2\/tags?post=1583"}],"curies":[{"name":"wp","href":"https:\/\/api.w.org\/{rel}","templated":true}]}}