{"id":1338,"date":"2025-03-27T15:48:10","date_gmt":"2025-03-27T13:48:10","guid":{"rendered":"https:\/\/rakastampere.fi\/jasenille\/?p=1338"},"modified":"2025-03-28T11:03:10","modified_gmt":"2025-03-28T09:03:10","slug":"pormestaritentti","status":"publish","type":"post","link":"https:\/\/rakastampere.fi\/jasenille\/pormestaritentti\/","title":{"rendered":"Pormestaritentti"},"content":{"rendered":"\n<p>Tervetuloa Tampereen Tullintorille seuraamaan Aamulehden pormestaritentti\u00e4 maanantaina 31.3.2025 kello 18:30 alkaen. <\/p>\n\n\n\n<p>Tentti\u00e4 j\u00e4rjest\u00e4m\u00e4ss\u00e4 on my\u00f6s Tampere Tunnetuksi ry.<\/p>\n\n\n\n<p>Pormestaritentti\u00e4 on mahdollista seurata my\u00f6s Aamulehden liven\u00e4 tai katsoa tallenne. N\u00e4m\u00e4 ovat tarjolla Aamulehden tilaajille.<\/p>\n\n\n\n<p><\/p>\n\n\n\n<p><a href=\"https:\/\/www.aamulehti.fi\/tampere\/art-2000011127877.html\" target=\"_blank\" rel=\"noopener\" title=\"\">https:\/\/www.aamulehti.fi\/tampere\/art-2000011127877.html<\/a><\/p>\n\n\n<div class=\"wp-block-image\">\n<figure class=\"aligncenter size-large\"><img loading=\"lazy\" decoding=\"async\" width=\"742\" height=\"1024\" src=\"https:\/\/rakastampere.fi\/jasenille\/wp-content\/uploads\/sites\/2\/2025\/03\/Nayttokuva-2025-3-27-kello-14.19.20-742x1024.png\" alt=\"\" class=\"wp-image-1339\" srcset=\"https:\/\/rakastampere.fi\/jasenille\/wp-content\/uploads\/sites\/2\/2025\/03\/Nayttokuva-2025-3-27-kello-14.19.20-742x1024.png 742w, https:\/\/rakastampere.fi\/jasenille\/wp-content\/uploads\/sites\/2\/2025\/03\/Nayttokuva-2025-3-27-kello-14.19.20-580x800.png 580w, https:\/\/rakastampere.fi\/jasenille\/wp-content\/uploads\/sites\/2\/2025\/03\/Nayttokuva-2025-3-27-kello-14.19.20-768x1060.png 768w, https:\/\/rakastampere.fi\/jasenille\/wp-content\/uploads\/sites\/2\/2025\/03\/Nayttokuva-2025-3-27-kello-14.19.20.png 1022w\" sizes=\"auto, (max-width: 742px) 100vw, 742px\" \/><\/figure>\n<\/div>","protected":false},"excerpt":{"rendered":"<p>Tervetuloa Tampereen Tullintorille seuraamaan Aamulehden pormestaritentti\u00e4 maanantaina 31.3.2025 kello 18:30 alkaen. Tentti\u00e4 j\u00e4rjest\u00e4m\u00e4ss\u00e4 on my\u00f6s Tampere Tunnetuksi ry. Pormestaritentti\u00e4 on mahdollista seurata my\u00f6s Aamulehden liven\u00e4 tai katsoa tallenne. N\u00e4m\u00e4 ovat tarjolla Aamulehden tilaajille. https:\/\/www.aamulehti.fi\/tampere\/art-2000011127877.html<\/p>\n","protected":false},"author":4,"featured_media":1339,"comment_status":"open","ping_status":"open","sticky":false,"template":"","format":"standard","meta":{"_acf_changed":false,"content-type":"","footnotes":""},"categories":[1],"tags":[46,47,48],"class_list":["post-1338","post","type-post","status-publish","format-standard","has-post-thumbnail","hentry","category-yleinen","tag-keskustankehitys","tag-pormestaritentti","tag-valtuustovaalit2025"],"acf":[],"aioseo_notices":[],"_links":{"self":[{"href":"https:\/\/rakastampere.fi\/jasenille\/wp-json\/wp\/v2\/posts\/1338","targetHints":{"allow":["GET"]}}],"collection":[{"href":"https:\/\/rakastampere.fi\/jasenille\/wp-json\/wp\/v2\/posts"}],"about":[{"href":"https:\/\/rakastampere.fi\/jasenille\/wp-json\/wp\/v2\/types\/post"}],"author":[{"embeddable":true,"href":"https:\/\/rakastampere.fi\/jasenille\/wp-json\/wp\/v2\/users\/4"}],"replies":[{"embeddable":true,"href":"https:\/\/rakastampere.fi\/jasenille\/wp-json\/wp\/v2\/comments?post=1338"}],"version-history":[{"count":2,"href":"https:\/\/rakastampere.fi\/jasenille\/wp-json\/wp\/v2\/posts\/1338\/revisions"}],"predecessor-version":[{"id":1352,"href":"https:\/\/rakastampere.fi\/jasenille\/wp-json\/wp\/v2\/posts\/1338\/revisions\/1352"}],"wp:featuredmedia":[{"embeddable":true,"href":"https:\/\/rakastampere.fi\/jasenille\/wp-json\/wp\/v2\/media\/1339"}],"wp:attachment":[{"href":"https:\/\/rakastampere.fi\/jasenille\/wp-json\/wp\/v2\/media?parent=1338"}],"wp:term":[{"taxonomy":"category","embeddable":true,"href":"https:\/\/rakastampere.fi\/jasenille\/wp-json\/wp\/v2\/categories?post=1338"},{"taxonomy":"post_tag","embeddable":true,"href":"https:\/\/rakastampere.fi\/jasenille\/wp-json\/wp\/v2\/tags?post=1338"}],"curies":[{"name":"wp","href":"https:\/\/api.w.org\/{rel}","templated":true}]}}