{"id":1280,"date":"2025-02-17T16:32:26","date_gmt":"2025-02-17T14:32:26","guid":{"rendered":"https:\/\/rakastampere.fi\/jasenille\/?p=1280"},"modified":"2025-02-17T16:32:27","modified_gmt":"2025-02-17T14:32:27","slug":"keskustelua-turvallisuudesta","status":"publish","type":"post","link":"https:\/\/rakastampere.fi\/jasenille\/keskustelua-turvallisuudesta\/","title":{"rendered":"Keskustelua turvallisuudesta"},"content":{"rendered":"\n<p>Tampereen kauppamari, Tampere Tunnetuksi ja Pirkanmaan Yritt\u00e4j\u00e4t julkistivat loppuvuodesta 2024 tehdyn kyselyn tulokset perjantaina 14.2.2025 j\u00e4rjestetyss\u00e4 tilaisuudessa. Tilaisuudessa kuultiin keskustan yritysten n\u00e4k\u00f6kulmia turvallisuudesta ja turvallisuuden tunteesta.<\/p>\n\n\n\n<p>Tilaisuudessa kommenttipuheenvuorot pitiv\u00e4t Tampereen kaupunki, Sis\u00e4-Suomen poliisi ja Pirkanmaan hyvinvointialue. Esitysksiss\u00e4 puhujat k\u00e4viv\u00e4t my\u00f6s l\u00e4vitse toimenpiteit\u00e4, joita keskustan turvallisuuden parantamiseksi on t\u00e4ll\u00e4 hetkell\u00e4 k\u00e4ynniss\u00e4.<\/p>\n\n\n\n<p>Lue kauppakamarin toimittajan kirjoittama yhteenveto tilaisuudesta. <br>Sivustolta l\u00f6ytyy my\u00f6s tutkimustulokset. <\/p>\n\n\n\n<p><a href=\"https:\/\/tampereenkauppakamari.fi\/turvallisuudesta-nousi-vilkas-keskustelu-yrittajat-kaipaavat-ratkaisuja\/\" target=\"_blank\" rel=\"noopener\" title=\"\">LUE JUTTU JA TUTKI TULOKSIA<\/a>.<\/p>\n","protected":false},"excerpt":{"rendered":"<p>Tampereen kauppamari, Tampere Tunnetuksi ja Pirkanmaan Yritt\u00e4j\u00e4t julkistivat loppuvuodesta 2024 tehdyn kyselyn tulokset perjantaina 14.2.2025 j\u00e4rjestetyss\u00e4 tilaisuudessa. Tilaisuudessa kuultiin keskustan yritysten n\u00e4k\u00f6kulmia turvallisuudesta ja turvallisuuden tunteesta. Tilaisuudessa kommenttipuheenvuorot pitiv\u00e4t Tampereen kaupunki, Sis\u00e4-Suomen poliisi ja Pirkanmaan hyvinvointialue. Esitysksiss\u00e4 puhujat k\u00e4viv\u00e4t my\u00f6s l\u00e4vitse toimenpiteit\u00e4, joita keskustan turvallisuuden parantamiseksi on t\u00e4ll\u00e4 hetkell\u00e4 k\u00e4ynniss\u00e4. Lue kauppakamarin toimittajan kirjoittama yhteenveto [&hellip;]<\/p>\n","protected":false},"author":4,"featured_media":338,"comment_status":"open","ping_status":"open","sticky":false,"template":"","format":"standard","meta":{"_acf_changed":false,"content-type":"","footnotes":""},"categories":[1],"tags":[],"class_list":["post-1280","post","type-post","status-publish","format-standard","has-post-thumbnail","hentry","category-yleinen"],"acf":[],"aioseo_notices":[],"_links":{"self":[{"href":"https:\/\/rakastampere.fi\/jasenille\/wp-json\/wp\/v2\/posts\/1280","targetHints":{"allow":["GET"]}}],"collection":[{"href":"https:\/\/rakastampere.fi\/jasenille\/wp-json\/wp\/v2\/posts"}],"about":[{"href":"https:\/\/rakastampere.fi\/jasenille\/wp-json\/wp\/v2\/types\/post"}],"author":[{"embeddable":true,"href":"https:\/\/rakastampere.fi\/jasenille\/wp-json\/wp\/v2\/users\/4"}],"replies":[{"embeddable":true,"href":"https:\/\/rakastampere.fi\/jasenille\/wp-json\/wp\/v2\/comments?post=1280"}],"version-history":[{"count":1,"href":"https:\/\/rakastampere.fi\/jasenille\/wp-json\/wp\/v2\/posts\/1280\/revisions"}],"predecessor-version":[{"id":1281,"href":"https:\/\/rakastampere.fi\/jasenille\/wp-json\/wp\/v2\/posts\/1280\/revisions\/1281"}],"wp:featuredmedia":[{"embeddable":true,"href":"https:\/\/rakastampere.fi\/jasenille\/wp-json\/wp\/v2\/media\/338"}],"wp:attachment":[{"href":"https:\/\/rakastampere.fi\/jasenille\/wp-json\/wp\/v2\/media?parent=1280"}],"wp:term":[{"taxonomy":"category","embeddable":true,"href":"https:\/\/rakastampere.fi\/jasenille\/wp-json\/wp\/v2\/categories?post=1280"},{"taxonomy":"post_tag","embeddable":true,"href":"https:\/\/rakastampere.fi\/jasenille\/wp-json\/wp\/v2\/tags?post=1280"}],"curies":[{"name":"wp","href":"https:\/\/api.w.org\/{rel}","templated":true}]}}