{"id":1222,"date":"2025-01-27T14:54:57","date_gmt":"2025-01-27T12:54:57","guid":{"rendered":"https:\/\/rakastampere.fi\/jasenille\/?p=1222"},"modified":"2025-01-27T14:56:36","modified_gmt":"2025-01-27T12:56:36","slug":"nay-rakas-tampere-somessa","status":"publish","type":"post","link":"https:\/\/rakastampere.fi\/jasenille\/nay-rakas-tampere-somessa\/","title":{"rendered":"N\u00e4y Rakas Tampere -somessa!"},"content":{"rendered":"\n<p><strong>Rakas Tampereen sosiaalinen media ker\u00e4\u00e4 p\u00e4ivitt\u00e4in uusia seuraajia. Kerro yrityksest\u00e4si tai tuotteestasi markkinoidulla postauksella ihmisille, joita kiinnostaa Tampereen keskustan ostos- ja menovinkit. <\/strong><\/p>\n\n\n\n<p>Rakas Tampere-viestint\u00e4\u00e4n voi ostaa postaustilaa, jos on yhdistyksen j\u00e4sen. Postauksen hinta on 150\u20ac + alv ja hinnasta k\u00e4ytet\u00e4\u00e4n kolmasosa suoraan n\u00e4kyvyysmaksuihin. Ilmoittaudu tuottajalle verkkosivuston lomakkeella. Varaa postaukseen oma, julkaisuvapaa valokuva. <a href=\"https:\/\/rakastampere.fi\/jasenille\/rakas-tampere-some\/\" title=\"Lue lis\u00e4\u00e4 t\u00e4\u00e4lt\u00e4\">Lue lis\u00e4\u00e4 t\u00e4\u00e4lt\u00e4<\/a><\/p>\n\n\n\n<p><\/p>\n","protected":false},"excerpt":{"rendered":"<p>Rakas Tampereen sosiaalinen media ker\u00e4\u00e4 p\u00e4ivitt\u00e4in uusia seuraajia. Kerro yrityksest\u00e4si tai tuotteestasi markkinoidulla postauksella ihmisille, joita kiinnostaa Tampereen keskustan ostos- ja menovinkit. Rakas Tampere-viestint\u00e4\u00e4n voi ostaa postaustilaa, jos on yhdistyksen j\u00e4sen. Postauksen hinta on 150\u20ac + alv ja hinnasta k\u00e4ytet\u00e4\u00e4n kolmasosa suoraan n\u00e4kyvyysmaksuihin. Ilmoittaudu tuottajalle verkkosivuston lomakkeella. Varaa postaukseen oma, julkaisuvapaa valokuva. Lue lis\u00e4\u00e4 t\u00e4\u00e4lt\u00e4<\/p>\n","protected":false},"author":5,"featured_media":1219,"comment_status":"open","ping_status":"open","sticky":false,"template":"","format":"standard","meta":{"_acf_changed":false,"content-type":"","footnotes":""},"categories":[1],"tags":[],"class_list":["post-1222","post","type-post","status-publish","format-standard","has-post-thumbnail","hentry","category-yleinen"],"acf":[],"aioseo_notices":[],"_links":{"self":[{"href":"https:\/\/rakastampere.fi\/jasenille\/wp-json\/wp\/v2\/posts\/1222","targetHints":{"allow":["GET"]}}],"collection":[{"href":"https:\/\/rakastampere.fi\/jasenille\/wp-json\/wp\/v2\/posts"}],"about":[{"href":"https:\/\/rakastampere.fi\/jasenille\/wp-json\/wp\/v2\/types\/post"}],"author":[{"embeddable":true,"href":"https:\/\/rakastampere.fi\/jasenille\/wp-json\/wp\/v2\/users\/5"}],"replies":[{"embeddable":true,"href":"https:\/\/rakastampere.fi\/jasenille\/wp-json\/wp\/v2\/comments?post=1222"}],"version-history":[{"count":3,"href":"https:\/\/rakastampere.fi\/jasenille\/wp-json\/wp\/v2\/posts\/1222\/revisions"}],"predecessor-version":[{"id":1251,"href":"https:\/\/rakastampere.fi\/jasenille\/wp-json\/wp\/v2\/posts\/1222\/revisions\/1251"}],"wp:featuredmedia":[{"embeddable":true,"href":"https:\/\/rakastampere.fi\/jasenille\/wp-json\/wp\/v2\/media\/1219"}],"wp:attachment":[{"href":"https:\/\/rakastampere.fi\/jasenille\/wp-json\/wp\/v2\/media?parent=1222"}],"wp:term":[{"taxonomy":"category","embeddable":true,"href":"https:\/\/rakastampere.fi\/jasenille\/wp-json\/wp\/v2\/categories?post=1222"},{"taxonomy":"post_tag","embeddable":true,"href":"https:\/\/rakastampere.fi\/jasenille\/wp-json\/wp\/v2\/tags?post=1222"}],"curies":[{"name":"wp","href":"https:\/\/api.w.org\/{rel}","templated":true}]}}