{"id":1201,"date":"2025-01-13T14:47:41","date_gmt":"2025-01-13T12:47:41","guid":{"rendered":"https:\/\/rakastampere.fi\/jasenille\/?p=1201"},"modified":"2025-01-13T14:47:42","modified_gmt":"2025-01-13T12:47:42","slug":"vuoden-tamperelainen-2025-kisa-kaynnissa","status":"publish","type":"post","link":"https:\/\/rakastampere.fi\/jasenille\/vuoden-tamperelainen-2025-kisa-kaynnissa\/","title":{"rendered":"Vuoden tamperelainen 2025 -kisa k\u00e4ynniss\u00e4"},"content":{"rendered":"\n<p>Kenest\u00e4 tulee uusi Vuoden tamperelainen? Kymmenen finalistin joukosta valitaan voittaja yleis\u00f6\u00e4\u00e4nestyksell\u00e4.<\/p>\n\n\n\n<p>Voit \u00e4\u00e4nest\u00e4\u00e4 omaa suosikkiasi tai ehdottaa uutta nime\u00e4 29. tammikuuta 2025 saakka kaupunkilehti Tamperelainen lehden kotisivuilla.<br>&gt; <a href=\"https:\/\/www.tamperelainen.fi\/paikalliset\/8192137?fbclid=IwZXh0bgNhZW0CMTAAAR0Fx27zl41WjUKY778tHBzpzgKmJIvvofgdTDESGhaOfAPoslfRfocCst4_aem_Rj3qgkoWlxy8g47f96gs0w\" target=\"_blank\" rel=\"noopener\" title=\"\">\u00c4\u00c4NESTYSSIVUSTO<\/a> <\/p>\n\n\n\n<p>Yle Tampere k\u00e4vi yll\u00e4tt\u00e4m\u00e4ss\u00e4 kaikki 10 ehdokasta, katso mahtavat reaktiot ehdokasesittelyvidoilta:<br>&gt; <a href=\"https:\/\/yle.fi\/a\/74-20133577\" target=\"_blank\" rel=\"noopener\" title=\"\">ESITTELYVIDEOT<\/a><\/p>\n\n\n\n<p>Katso t\u00e4\u00e4lt\u00e4 aiempien vuosien voittajat:<br>&gt; <a href=\"https:\/\/rakastampere.fi\/jasenille\/vuoden-tamperelainen\/\" title=\"\">VOITTAJAT KAUTTA AIKAIN<\/a><\/p>\n\n\n\n<p><\/p>\n\n\n\n<p><a href=\"https:\/\/www.facebook.com\/hashtag\/rakastampere?__eep__=6&amp;__cft__[0]=AZVzErR4S60tmrQg23mldPWoJYrLIWuzEEc1KNGmazk6c5Z3MHdz3uwfDqG25mIjFHYF20Q6Gh819boocRjrlY7ysECuSN6cvvGxMZN1SGVM3B14q5Q7Elz-6wvsS8c07oUhqFh_zJZ2HyT0t0qFn9Su-6v-KcxUa3t9drts6EAYKg&amp;__tn__=*NK-R\">#rakastampere<\/a> <br><a href=\"https:\/\/www.facebook.com\/hashtag\/tamperetunnetuksi?__eep__=6&amp;__cft__[0]=AZVzErR4S60tmrQg23mldPWoJYrLIWuzEEc1KNGmazk6c5Z3MHdz3uwfDqG25mIjFHYF20Q6Gh819boocRjrlY7ysECuSN6cvvGxMZN1SGVM3B14q5Q7Elz-6wvsS8c07oUhqFh_zJZ2HyT0t0qFn9Su-6v-KcxUa3t9drts6EAYKg&amp;__tn__=*NK-R\">#tamperetunnetuksi<\/a><\/p>\n\n\n\n<figure class=\"wp-block-image size-large\"><img loading=\"lazy\" decoding=\"async\" width=\"1024\" height=\"413\" src=\"https:\/\/rakastampere.fi\/jasenille\/wp-content\/uploads\/sites\/2\/2025\/01\/Logo-vuodentamperelainen2023-1-1024x413.png\" alt=\"\" class=\"wp-image-1203\" srcset=\"https:\/\/rakastampere.fi\/jasenille\/wp-content\/uploads\/sites\/2\/2025\/01\/Logo-vuodentamperelainen2023-1-1024x413.png 1024w, https:\/\/rakastampere.fi\/jasenille\/wp-content\/uploads\/sites\/2\/2025\/01\/Logo-vuodentamperelainen2023-1-800x323.png 800w, https:\/\/rakastampere.fi\/jasenille\/wp-content\/uploads\/sites\/2\/2025\/01\/Logo-vuodentamperelainen2023-1-768x310.png 768w, https:\/\/rakastampere.fi\/jasenille\/wp-content\/uploads\/sites\/2\/2025\/01\/Logo-vuodentamperelainen2023-1-1200x484.png 1200w, https:\/\/rakastampere.fi\/jasenille\/wp-content\/uploads\/sites\/2\/2025\/01\/Logo-vuodentamperelainen2023-1.png 1254w\" sizes=\"auto, (max-width: 1024px) 100vw, 1024px\" \/><\/figure>\n","protected":false},"excerpt":{"rendered":"<p>Kenest\u00e4 tulee uusi Vuoden tamperelainen? Kymmenen finalistin joukosta valitaan voittaja yleis\u00f6\u00e4\u00e4nestyksell\u00e4. Voit \u00e4\u00e4nest\u00e4\u00e4 omaa suosikkiasi tai ehdottaa uutta nime\u00e4 29. tammikuuta 2025 saakka kaupunkilehti Tamperelainen lehden kotisivuilla.&gt; \u00c4\u00c4NESTYSSIVUSTO Yle Tampere k\u00e4vi yll\u00e4tt\u00e4m\u00e4ss\u00e4 kaikki 10 ehdokasta, katso mahtavat reaktiot ehdokasesittelyvidoilta:&gt; ESITTELYVIDEOT Katso t\u00e4\u00e4lt\u00e4 aiempien vuosien voittajat:&gt; VOITTAJAT KAUTTA AIKAIN #rakastampere #tamperetunnetuksi<\/p>\n","protected":false},"author":4,"featured_media":1202,"comment_status":"open","ping_status":"open","sticky":false,"template":"","format":"standard","meta":{"_acf_changed":false,"content-type":"","footnotes":""},"categories":[1],"tags":[],"class_list":["post-1201","post","type-post","status-publish","format-standard","has-post-thumbnail","hentry","category-yleinen"],"acf":[],"aioseo_notices":[],"_links":{"self":[{"href":"https:\/\/rakastampere.fi\/jasenille\/wp-json\/wp\/v2\/posts\/1201","targetHints":{"allow":["GET"]}}],"collection":[{"href":"https:\/\/rakastampere.fi\/jasenille\/wp-json\/wp\/v2\/posts"}],"about":[{"href":"https:\/\/rakastampere.fi\/jasenille\/wp-json\/wp\/v2\/types\/post"}],"author":[{"embeddable":true,"href":"https:\/\/rakastampere.fi\/jasenille\/wp-json\/wp\/v2\/users\/4"}],"replies":[{"embeddable":true,"href":"https:\/\/rakastampere.fi\/jasenille\/wp-json\/wp\/v2\/comments?post=1201"}],"version-history":[{"count":1,"href":"https:\/\/rakastampere.fi\/jasenille\/wp-json\/wp\/v2\/posts\/1201\/revisions"}],"predecessor-version":[{"id":1204,"href":"https:\/\/rakastampere.fi\/jasenille\/wp-json\/wp\/v2\/posts\/1201\/revisions\/1204"}],"wp:featuredmedia":[{"embeddable":true,"href":"https:\/\/rakastampere.fi\/jasenille\/wp-json\/wp\/v2\/media\/1202"}],"wp:attachment":[{"href":"https:\/\/rakastampere.fi\/jasenille\/wp-json\/wp\/v2\/media?parent=1201"}],"wp:term":[{"taxonomy":"category","embeddable":true,"href":"https:\/\/rakastampere.fi\/jasenille\/wp-json\/wp\/v2\/categories?post=1201"},{"taxonomy":"post_tag","embeddable":true,"href":"https:\/\/rakastampere.fi\/jasenille\/wp-json\/wp\/v2\/tags?post=1201"}],"curies":[{"name":"wp","href":"https:\/\/api.w.org\/{rel}","templated":true}]}}