{"id":1198,"date":"2025-01-13T14:27:24","date_gmt":"2025-01-13T12:27:24","guid":{"rendered":"https:\/\/rakastampere.fi\/jasenille\/?p=1198"},"modified":"2025-02-03T16:07:04","modified_gmt":"2025-02-03T14:07:04","slug":"yritys-ole-mukana-umk-huumassa","status":"publish","type":"post","link":"https:\/\/rakastampere.fi\/jasenille\/yritys-ole-mukana-umk-huumassa\/","title":{"rendered":"Yritys, ole mukana UMK-huumassa"},"content":{"rendered":"\n<figure class=\"wp-block-table\"><table class=\"has-fixed-layout\"><tbody><tr><td>Ylen\u00a0<strong>Uuden Musiikin Kilpailu\u00a0<\/strong>kisataan j\u00e4lleen helmikuussa Tampereella loppuunmyydyll\u00e4 Nokia Arenalla lauantaina 8.2.2025.<br><br>Toivotetaan kisaa seuraamaan saapuvat turistit tervetulleiksi sek\u00e4 nostatetaan paikkallisten tunnelmaa kattoon ja osallistutaan yhteisesti mukaan huumaan.\u00a0\u00a0Koristele, ideoi myyt\u00e4vi\u00e4 tuotteita ja palveluita, j\u00e4rjest\u00e4 ohjelmaa!\u00a0Tampereen kaupunki on tehnyt yrityksille vapaasti saataville printattavia materiaaleja (Hello Europe &#8211; it&#8217;s Tampere calling) ja <a href=\"http:\/\/visittampere.fi\/artikkelit\/yrityksille-tamperecalling\/\" target=\"_blank\" rel=\"noopener\" title=\"\">Visit Tampere kokoaa <\/a>yhteen tietoja mukana olevista yrityksist\u00e4! <br><strong><br>HALUAN YRITYKSENI HENKIL\u00d6KUNNALLE PINKKEJ\u00c4 RUSETTEJA:<\/strong><br><br><em><mark class=\"has-inline-color has-blue-color\">Kaikki rusetit ovat jaettu! Kiitos ja mahtavaa UMK-viikkoa !<\/mark><\/em><\/td><\/tr><\/tbody><\/table><\/figure>\n\n\n\n\n\n\n<figure class=\"wp-block-image size-large\"><img loading=\"lazy\" decoding=\"async\" width=\"1024\" height=\"575\" src=\"https:\/\/rakastampere.fi\/jasenille\/wp-content\/uploads\/sites\/2\/2025\/01\/39-123881965c1e4abe59f0-1024x575.jpeg\" alt=\"\" class=\"wp-image-1253\" srcset=\"https:\/\/rakastampere.fi\/jasenille\/wp-content\/uploads\/sites\/2\/2025\/01\/39-123881965c1e4abe59f0-1024x575.jpeg 1024w, https:\/\/rakastampere.fi\/jasenille\/wp-content\/uploads\/sites\/2\/2025\/01\/39-123881965c1e4abe59f0-800x449.jpeg 800w, https:\/\/rakastampere.fi\/jasenille\/wp-content\/uploads\/sites\/2\/2025\/01\/39-123881965c1e4abe59f0-768x431.jpeg 768w, https:\/\/rakastampere.fi\/jasenille\/wp-content\/uploads\/sites\/2\/2025\/01\/39-123881965c1e4abe59f0-1200x674.jpeg 1200w, https:\/\/rakastampere.fi\/jasenille\/wp-content\/uploads\/sites\/2\/2025\/01\/39-123881965c1e4abe59f0.jpeg 1272w\" sizes=\"auto, (max-width: 1024px) 100vw, 1024px\" \/><\/figure>\n\n\n\n<p>Kuva: Laura Vanzo \/ Visit Tampere<\/p>\n\n\n\n<p><br><strong>Hello Europe,&nbsp;<br>it\u2019s Tampere calling!<br>SOMISTEET&nbsp;<\/strong><br><br>Jos et itse halua tulostaa omilla koneilla niin Tampere Tunnetuksi ry on esivalmistellut ja pyyt\u00e4nyt A-Printilt\u00e4 hinnastoa UMK 2025 somistemateriaalien painatuksesta.<br><br>Voit tilata materiaalit suoraan A-Printilt\u00e4 ja nouda materiaalit painosta Suvantokadulta ja maksa materiaalit A-Printille.<br><br>&nbsp;<strong>Esimerkki simppelist\u00e4 paketista:<\/strong><br>1 kpl juliste A4&nbsp;<br>1 kpl juliste A3&nbsp;<br>1 kpl juliste 50x70cm &nbsp;<br>1 kpl py\u00f6re\u00e4 mobile (halk. 30cm, 2 mm pahvi)<br><strong>N\u00c4M\u00c4 yhteens\u00e4 30 \u20ac+ alv 25,5%&nbsp;<\/strong><br><br>Tarra &#8211; py\u00f6re\u00e4 halkaisija 30 cm&nbsp;<br><strong>HINTA 5 \u20ac \/ kpl + alv 25,5 %&nbsp;<\/strong><br><br><strong>Tee tilaus:<\/strong>&nbsp;&nbsp;Petri Lounamaa, A-Print Oy<br><a href=\"mailto:petri.lounamaa@a-print.fi\">petri.lounamaa@a-print.fi<\/a>&nbsp;p. 040 505 1997&nbsp; <\/p>\n","protected":false},"excerpt":{"rendered":"<p>Ylen\u00a0Uuden Musiikin Kilpailu\u00a0kisataan j\u00e4lleen helmikuussa Tampereella loppuunmyydyll\u00e4 Nokia Arenalla lauantaina 8.2.2025. Toivotetaan kisaa seuraamaan saapuvat turistit tervetulleiksi sek\u00e4 nostatetaan paikkallisten tunnelmaa kattoon ja osallistutaan yhteisesti mukaan huumaan.\u00a0\u00a0Koristele, ideoi myyt\u00e4vi\u00e4 tuotteita ja palveluita, j\u00e4rjest\u00e4 ohjelmaa!\u00a0Tampereen kaupunki on tehnyt yrityksille vapaasti saataville printattavia materiaaleja (Hello Europe &#8211; it&#8217;s Tampere calling) ja Visit Tampere kokoaa yhteen tietoja mukana [&hellip;]<\/p>\n","protected":false},"author":4,"featured_media":1199,"comment_status":"open","ping_status":"open","sticky":false,"template":"","format":"standard","meta":{"_acf_changed":false,"content-type":"","footnotes":""},"categories":[1],"tags":[44,45],"class_list":["post-1198","post","type-post","status-publish","format-standard","has-post-thumbnail","hentry","category-yleinen","tag-tamperecalling","tag-umk25"],"acf":[],"aioseo_notices":[],"_links":{"self":[{"href":"https:\/\/rakastampere.fi\/jasenille\/wp-json\/wp\/v2\/posts\/1198","targetHints":{"allow":["GET"]}}],"collection":[{"href":"https:\/\/rakastampere.fi\/jasenille\/wp-json\/wp\/v2\/posts"}],"about":[{"href":"https:\/\/rakastampere.fi\/jasenille\/wp-json\/wp\/v2\/types\/post"}],"author":[{"embeddable":true,"href":"https:\/\/rakastampere.fi\/jasenille\/wp-json\/wp\/v2\/users\/4"}],"replies":[{"embeddable":true,"href":"https:\/\/rakastampere.fi\/jasenille\/wp-json\/wp\/v2\/comments?post=1198"}],"version-history":[{"count":3,"href":"https:\/\/rakastampere.fi\/jasenille\/wp-json\/wp\/v2\/posts\/1198\/revisions"}],"predecessor-version":[{"id":1260,"href":"https:\/\/rakastampere.fi\/jasenille\/wp-json\/wp\/v2\/posts\/1198\/revisions\/1260"}],"wp:featuredmedia":[{"embeddable":true,"href":"https:\/\/rakastampere.fi\/jasenille\/wp-json\/wp\/v2\/media\/1199"}],"wp:attachment":[{"href":"https:\/\/rakastampere.fi\/jasenille\/wp-json\/wp\/v2\/media?parent=1198"}],"wp:term":[{"taxonomy":"category","embeddable":true,"href":"https:\/\/rakastampere.fi\/jasenille\/wp-json\/wp\/v2\/categories?post=1198"},{"taxonomy":"post_tag","embeddable":true,"href":"https:\/\/rakastampere.fi\/jasenille\/wp-json\/wp\/v2\/tags?post=1198"}],"curies":[{"name":"wp","href":"https:\/\/api.w.org\/{rel}","templated":true}]}}