{"id":1174,"date":"2024-12-18T10:00:00","date_gmt":"2024-12-18T08:00:00","guid":{"rendered":"https:\/\/rakastampere.fi\/jasenille\/?p=1174"},"modified":"2024-12-18T14:09:13","modified_gmt":"2024-12-18T12:09:13","slug":"sokos-tampere-on-vuoden-jasenyritys","status":"publish","type":"post","link":"https:\/\/rakastampere.fi\/jasenille\/sokos-tampere-on-vuoden-jasenyritys\/","title":{"rendered":"Sokos Tampere on vuoden j\u00e4senyritys"},"content":{"rendered":"\n<p><em>Tampere Tunnetuksi ry:n vuoden j\u00e4senyritys 2024 on Sokos Tampere. Tavaratalo vietti lokakuussa 50-vuotisjuhliaan. Sokoksen ohjaksissa on Pirkanmaan Osuuskaupan ryhm\u00e4p\u00e4\u00e4llikk\u00f6 <strong>Mikko M\u00e4ki.<\/strong><\/em><\/p>\n\n\n\n<p>Sokoksella tehtiin 2022\u20132023 mittava, l\u00e4hes kaksi vuotta kest\u00e4nyt remontti, jossa uudistettiin ensin tavaratalon kerrokset, mink\u00e4 j\u00e4lkeen kellarikerroksen Sokos Herkku muutettiin Prismaksi. Asiakastilojen ohella uusittiin laajasti talon tekniikkaa.<br>\u201dAsiakkaat ovat ottaneet uudistuneen Sokoksen hyvin vastaan. Erityisesti Prisman tulo on n\u00e4kynyt asiakasm\u00e4\u00e4r\u00e4n merkitt\u00e4v\u00e4n\u00e4 kasvuna. L\u00e4hdemme positiivisin mielin kohti seuraavaa 50-vuotiskautta\u201d, M\u00e4ki sanoo.<\/p>\n\n\n\n<p>Sokos Tampere on jo vuosia osallistunut Tampere Tunnetuksi ry:n toimintaan. \u201dOlemme aktiivisesti mukana esim. kaupan ty\u00f6ryhm\u00e4ss\u00e4, jossa pohdimme yhdess\u00e4 kollegoidemme kanssa keskustan kaupallisuuden kehitt\u00e4mist\u00e4. Olemme my\u00f6s sparraamassa yhteist\u00e4 markkinointia, ja aina tarpeen tullen pyrimme osallistumaan keskusteluun\u201d, kertoo M\u00e4ki.<\/p>\n\n\n\n<p>M\u00e4ki katsoo, ett\u00e4 Tampere Tunnetuksi ry:n j\u00e4senyydest\u00e4 hy\u00f6tyisiv\u00e4t kaikki keskustan yritt\u00e4j\u00e4t. Yhdess\u00e4 keskustelemalla ja asioita kehitt\u00e4m\u00e4ll\u00e4 parannetaan keskustan houkuttelevuutta ja vetovoimaa \u2013 ja siin\u00e4 kaikki voittavat. \u201dKeskustan tapahtumat tukevat aina my\u00f6s kaupank\u00e4ynti\u00e4. Kun ihmisi\u00e4 saadaan houkuteltua keskustaan, se n\u00e4kyy varmasti kaikilla. Esimerkiksi joulunavaus on t\u00e4st\u00e4 hyv\u00e4 esimerkki.\u201d<\/p>\n\n\n\n<p>Sokos Tampere on ollut pitk\u00e4\u00e4n mukana my\u00f6s Rakas Tampere Passissa. Passilla on ollut suoraa vaikutusta myyntiin. \u201dPassin k\u00e4ytt\u00e4ji\u00e4 on meill\u00e4 paljon. Passia k\u00e4ytet\u00e4\u00e4n aktiivisesti ja meill\u00e4 on ollut siell\u00e4 etuja jo pitemm\u00e4n aikaa. Asiakkaamme ovat oppineet niit\u00e4 sielt\u00e4 etsim\u00e4\u00e4nkin. Henkil\u00f6kuntamme osaa my\u00f6s suositella Passia asiakkaille\u201d, M\u00e4ki sanoo.<\/p>\n\n\n\n<p>Tampere Tunnetuksi -yhdistyksen toiminnassa M\u00e4ki on arvostanut sit\u00e4, ett\u00e4 keskustan kaupalliset toimijat on otettu mukaan ja heid\u00e4n \u00e4\u00e4nt\u00e4\u00e4n kuullaan. \u201dPid\u00e4n keskusteluilmapiirist\u00e4 ja hengest\u00e4, joka meill\u00e4 on esim. kaupan ty\u00f6ryhm\u00e4ss\u00e4. Siell\u00e4 aidosti pohditaan asioita koko keskustan kehitt\u00e4misen n\u00e4k\u00f6kulmasta eik\u00e4 yksitt\u00e4isten toimijoiden kulmasta. Yhdistyksen kautta yritt\u00e4j\u00e4 p\u00e4\u00e4see yhteisiin tapaamisiin my\u00f6s esimerkiksi viranomaisten kanssa.\u201d<\/p>\n\n\n\n<p>Tampereen keskustan el\u00e4vyys ja vetovoimaisuus ei ole itsest\u00e4\u00e4nselvyys, vaan sen eteen pit\u00e4\u00e4 tehd\u00e4 t\u00f6it\u00e4. Keskeisess\u00e4 roolissa M\u00e4en mielest\u00e4 t\u00e4ss\u00e4 ovat erilaiset tapahtumat. Niihin tulee panostaa jatkossakin. Toinen t\u00e4rke\u00e4 asia on saavutettavuus. \u201dOn huolehdittava, ett\u00e4 keskustaan p\u00e4\u00e4see helposti kaikilla liikennev\u00e4lineill\u00e4. Liikennej\u00e4rjestelyt ja pys\u00e4k\u00f6inti ovat olennainen osa t\u00e4t\u00e4.\u201d<\/p>\n\n\n\n<p>M\u00e4ki nostaa esiin viel\u00e4 kolmannen kehitt\u00e4misen kohteen: \u201dViime aikoina olemme keskustelleet paljon keskustan turvallisuustilanteesta. T\u00e4m\u00e4 on varmasti kaikkien keskustassa toimivien yritysten yhteinen huoli t\u00e4ll\u00e4 hetkell\u00e4, melko suurikin sellainen.\u201d<\/p>\n\n\n\n<p>M\u00e4ki on toiminut S-ryhm\u00e4ss\u00e4 erilaisissa johtoteht\u00e4viss\u00e4 Tampereella vuosituhannen alkuvuosista saakka. T\u00e4n\u00e4 aikana h\u00e4n on havainnut kaupungin ilmapiiriin kehittyneen positiiviseen suuntaan. \u201dKuulen s\u00e4\u00e4nn\u00f6llisesti kollegoilta ymp\u00e4ri Suomea \u2019hyv\u00e4st\u00e4 p\u00f6hin\u00e4st\u00e4\u2019, joka Tampereella on vallinnut viime vuosina. T\u00e4\u00e4ll\u00e4 on erinomainen draivi menneill\u00e4\u00e4n. On osattu rohkeasti tehd\u00e4 isoja p\u00e4\u00e4t\u00f6ksi\u00e4 kaupungin ja koko kaupunkialueen vetovoiman kehitt\u00e4miseksi. Oma fiilikseni on, ett\u00e4 Tampere on muuttunut kes\u00e4matkailukaupungista ymp\u00e4rivuotiseksi matkustuskohteeksi\u201d, M\u00e4ki kertoo.<\/p>\n\n\n\n<p>Tampereen ydinkeskustan kehitt\u00e4misyhdistys Tampere Tunnetuksi ry haluaa vuosittaisella palkitsemisella nostaa esiin esimerkillisen aktiivisen j\u00e4senen, joka osaa hy\u00f6dynt\u00e4\u00e4 j\u00e4senyyden mahdollisuuksia. Toiminnanjohtaja <strong>Riikka T\u00f6yt\u00e4ri<\/strong> haluaa kiitt\u00e4\u00e4 Sokos Tamperetta monipuolisesta osallistumisesta. H\u00e4n korostaa sit\u00e4, ett\u00e4 lumovoimainen kaupunkikeskusta tarvitsee kaiken kokoisia yrityksi\u00e4 ja yhdistyksen toiminnassa kaikki ovat tasavertaisia. Vuoden j\u00e4senyritys palkitaan keskiviikkona 18.12.2024 Tampereen Raatihuoneella joulupuurotilaisuudessa.<\/p>\n\n\n\n<p>Tampere Tunnetuksi ry t\u00e4ytt\u00e4\u00e4 tulevana vuonna jo 60 vuotta. Yhdistykseen kuuluu yli 200 j\u00e4sent\u00e4 kiinteist\u00f6omistajista kaupan ja palvelun toimialaan. N\u00e4iden j\u00e4senten piiriss\u00e4 on yli 500 yrityst\u00e4 keskusta-alueella, joka rajautuu Pyynikin torin ja Kalevan kirkon v\u00e4liselle alueelle. Yhdistyksen j\u00e4senm\u00e4\u00e4r\u00e4 on kasvanut kuluvana vuonna, erityisesti Rakas Tampere Passi kiinnostaa j\u00e4seni\u00e4. Tampere Tunnetuksi toimii my\u00f6s aktiivisesti yritysten sek\u00e4 Tampereen kaupungin v\u00e4lisen\u00e4 viestin viej\u00e4n\u00e4 ja kehitt\u00e4\u00e4 keskustan kaupallista vetovoimaa.<\/p>\n\n\n\n<p><strong>Kuvat vapaasti k\u00e4yt\u00f6ss\u00e4 kuvaajan tiedot mainiten.<\/strong><br>Kuvat saatavilla painoresoluutioisena pyydett\u00e4ess\u00e4 <a href=\"https:\/\/rakastampere.fi\/jasenille\/yhteys\/\" title=\"\">toiminnanjohtajalta<\/a>.<br>Kuvaaja: Heidi Kormano.<\/p>\n\n\n\n<p><strong>Kuva 1:<\/strong>  Palkinnon vastaanottivat myyntip\u00e4\u00e4llikk\u00f6 Tuija Laaksonen (vas.), ryhm\u00e4p\u00e4\u00e4llikk\u00f6 Mikko M\u00e4ki sek\u00e4 myyntip\u00e4\u00e4llikk\u00f6 Tuula Markkula Sokos Tampereelta. <\/p>\n\n\n\n<figure class=\"wp-block-image size-large\"><img loading=\"lazy\" decoding=\"async\" width=\"1024\" height=\"670\" src=\"https:\/\/rakastampere.fi\/jasenille\/wp-content\/uploads\/sites\/2\/2024\/12\/Vuoden-jasenyritys_kuva-2_-sokos_digikoko_-1024x670.jpg\" alt=\"\" class=\"wp-image-1182\" srcset=\"https:\/\/rakastampere.fi\/jasenille\/wp-content\/uploads\/sites\/2\/2024\/12\/Vuoden-jasenyritys_kuva-2_-sokos_digikoko_-1024x670.jpg 1024w, https:\/\/rakastampere.fi\/jasenille\/wp-content\/uploads\/sites\/2\/2024\/12\/Vuoden-jasenyritys_kuva-2_-sokos_digikoko_-800x524.jpg 800w, https:\/\/rakastampere.fi\/jasenille\/wp-content\/uploads\/sites\/2\/2024\/12\/Vuoden-jasenyritys_kuva-2_-sokos_digikoko_-768x503.jpg 768w, https:\/\/rakastampere.fi\/jasenille\/wp-content\/uploads\/sites\/2\/2024\/12\/Vuoden-jasenyritys_kuva-2_-sokos_digikoko_-1536x1005.jpg 1536w, https:\/\/rakastampere.fi\/jasenille\/wp-content\/uploads\/sites\/2\/2024\/12\/Vuoden-jasenyritys_kuva-2_-sokos_digikoko_-1200x785.jpg 1200w, https:\/\/rakastampere.fi\/jasenille\/wp-content\/uploads\/sites\/2\/2024\/12\/Vuoden-jasenyritys_kuva-2_-sokos_digikoko_.jpg 2000w\" sizes=\"auto, (max-width: 1024px) 100vw, 1024px\" \/><\/figure>\n\n\n\n<p><strong>Kuva 2:<\/strong>  Tampere Tunnetuksi ry:n puheenjohtaja Marko Laaksonen sek\u00e4 toiminnanjohtaja Riikka T\u00f6yt\u00e4ri onnittelevat vuoden 2024 Vuoden J\u00e4senyrityst\u00e4 Sokos Tamperetta Tampereen Raatihuoneella.<\/p>\n\n\n\n<figure class=\"wp-block-image size-large is-resized\"><img loading=\"lazy\" decoding=\"async\" width=\"1024\" height=\"682\" src=\"https:\/\/rakastampere.fi\/jasenille\/wp-content\/uploads\/sites\/2\/2024\/12\/Vuoden-jasenyritys_kuva-1_-digikoko-1024x682.jpg\" alt=\"\" class=\"wp-image-1180\" style=\"width:1129px;height:auto\" srcset=\"https:\/\/rakastampere.fi\/jasenille\/wp-content\/uploads\/sites\/2\/2024\/12\/Vuoden-jasenyritys_kuva-1_-digikoko-1024x682.jpg 1024w, https:\/\/rakastampere.fi\/jasenille\/wp-content\/uploads\/sites\/2\/2024\/12\/Vuoden-jasenyritys_kuva-1_-digikoko-800x533.jpg 800w, https:\/\/rakastampere.fi\/jasenille\/wp-content\/uploads\/sites\/2\/2024\/12\/Vuoden-jasenyritys_kuva-1_-digikoko-768x512.jpg 768w, https:\/\/rakastampere.fi\/jasenille\/wp-content\/uploads\/sites\/2\/2024\/12\/Vuoden-jasenyritys_kuva-1_-digikoko-1536x1024.jpg 1536w, https:\/\/rakastampere.fi\/jasenille\/wp-content\/uploads\/sites\/2\/2024\/12\/Vuoden-jasenyritys_kuva-1_-digikoko-1200x800.jpg 1200w, https:\/\/rakastampere.fi\/jasenille\/wp-content\/uploads\/sites\/2\/2024\/12\/Vuoden-jasenyritys_kuva-1_-digikoko.jpg 2000w\" sizes=\"auto, (max-width: 1024px) 100vw, 1024px\" \/><\/figure>\n","protected":false},"excerpt":{"rendered":"<p>Tampere Tunnetuksi ry:n vuoden j\u00e4senyritys 2024 on Sokos Tampere. Tavaratalo vietti lokakuussa 50-vuotisjuhliaan. Sokoksen ohjaksissa on Pirkanmaan Osuuskaupan ryhm\u00e4p\u00e4\u00e4llikk\u00f6 Mikko M\u00e4ki. Sokoksella tehtiin 2022\u20132023 mittava, l\u00e4hes kaksi vuotta kest\u00e4nyt remontti, jossa uudistettiin ensin tavaratalon kerrokset, mink\u00e4 j\u00e4lkeen kellarikerroksen Sokos Herkku muutettiin Prismaksi. Asiakastilojen ohella uusittiin laajasti talon tekniikkaa.\u201dAsiakkaat ovat ottaneet uudistuneen Sokoksen hyvin vastaan. Erityisesti [&hellip;]<\/p>\n","protected":false},"author":4,"featured_media":1180,"comment_status":"open","ping_status":"open","sticky":false,"template":"","format":"standard","meta":{"_acf_changed":false,"content-type":"","footnotes":""},"categories":[1],"tags":[21,12],"class_list":["post-1174","post","type-post","status-publish","format-standard","has-post-thumbnail","hentry","category-yleinen","tag-tamperetunnetuksi","tag-vuodenjasenyritys"],"acf":[],"aioseo_notices":[],"_links":{"self":[{"href":"https:\/\/rakastampere.fi\/jasenille\/wp-json\/wp\/v2\/posts\/1174","targetHints":{"allow":["GET"]}}],"collection":[{"href":"https:\/\/rakastampere.fi\/jasenille\/wp-json\/wp\/v2\/posts"}],"about":[{"href":"https:\/\/rakastampere.fi\/jasenille\/wp-json\/wp\/v2\/types\/post"}],"author":[{"embeddable":true,"href":"https:\/\/rakastampere.fi\/jasenille\/wp-json\/wp\/v2\/users\/4"}],"replies":[{"embeddable":true,"href":"https:\/\/rakastampere.fi\/jasenille\/wp-json\/wp\/v2\/comments?post=1174"}],"version-history":[{"count":6,"href":"https:\/\/rakastampere.fi\/jasenille\/wp-json\/wp\/v2\/posts\/1174\/revisions"}],"predecessor-version":[{"id":1188,"href":"https:\/\/rakastampere.fi\/jasenille\/wp-json\/wp\/v2\/posts\/1174\/revisions\/1188"}],"wp:featuredmedia":[{"embeddable":true,"href":"https:\/\/rakastampere.fi\/jasenille\/wp-json\/wp\/v2\/media\/1180"}],"wp:attachment":[{"href":"https:\/\/rakastampere.fi\/jasenille\/wp-json\/wp\/v2\/media?parent=1174"}],"wp:term":[{"taxonomy":"category","embeddable":true,"href":"https:\/\/rakastampere.fi\/jasenille\/wp-json\/wp\/v2\/categories?post=1174"},{"taxonomy":"post_tag","embeddable":true,"href":"https:\/\/rakastampere.fi\/jasenille\/wp-json\/wp\/v2\/tags?post=1174"}],"curies":[{"name":"wp","href":"https:\/\/api.w.org\/{rel}","templated":true}]}}