{"id":1104,"date":"2024-10-03T14:18:17","date_gmt":"2024-10-03T11:18:17","guid":{"rendered":"https:\/\/rakastampere.fi\/jasenille\/?p=1104"},"modified":"2024-10-03T14:18:17","modified_gmt":"2024-10-03T11:18:17","slug":"digi-rakas-tampere-joulun-nakyvyyskampanja-jasenille","status":"publish","type":"post","link":"https:\/\/rakastampere.fi\/jasenille\/digi-rakas-tampere-joulun-nakyvyyskampanja-jasenille\/","title":{"rendered":"Digi-Rakas Tampere: joulun n\u00e4kyvyyskampanja j\u00e4senille"},"content":{"rendered":"\n<p>Hanki jouluksi ostol\u00e4mpimi\u00e4 asiakkaita! Tampere Tunnetuksi ry:n uusi digikampanja on tuotettu r\u00e4\u00e4t\u00e4l\u00f6ityn\u00e4 pakettina yhdistyksen j\u00e4senille. Sanoma Median digitaaliseen mainontaan kohdistetut kampanjapaikat pystyy valitsemaan oman budjetin mukaisesti hintav\u00e4lill\u00e4 500 &#8211; 1850 + alv. Kaupallinen tuottaja auttaa j\u00e4senist\u00f6\u00e4 kampanjan luonnissa: T\u00e4m\u00e4 on \u00e4lytt\u00f6m\u00e4n yksinkertaista! L\u00e4hde mukaan! <\/p>\n\n\n\n<p><a href=\"https:\/\/rakastampere.fi\/jasenille\/digi-rakas-tampere-nakyvyytta-jouluna-2024\/\" title=\"Digi-Rakas Tampere \u2013 n\u00e4kyvyytt\u00e4 jouluna 2024\">Lis\u00e4tiedot ja osallistuminen<\/a><\/p>\n\n\n\n<p><\/p>\n","protected":false},"excerpt":{"rendered":"<p>Hanki jouluksi ostol\u00e4mpimi\u00e4 asiakkaita! Tampere Tunnetuksi ry:n uusi digikampanja on tuotettu r\u00e4\u00e4t\u00e4l\u00f6ityn\u00e4 pakettina yhdistyksen j\u00e4senille. Sanoma Median digitaaliseen mainontaan kohdistetut kampanjapaikat pystyy valitsemaan oman budjetin mukaisesti hintav\u00e4lill\u00e4 500 &#8211; 1850 + alv. Kaupallinen tuottaja auttaa j\u00e4senist\u00f6\u00e4 kampanjan luonnissa: T\u00e4m\u00e4 on \u00e4lytt\u00f6m\u00e4n yksinkertaista! L\u00e4hde mukaan! Lis\u00e4tiedot ja osallistuminen<\/p>\n","protected":false},"author":5,"featured_media":1065,"comment_status":"open","ping_status":"open","sticky":false,"template":"","format":"standard","meta":{"_acf_changed":false,"content-type":"","footnotes":""},"categories":[1],"tags":[],"class_list":["post-1104","post","type-post","status-publish","format-standard","has-post-thumbnail","hentry","category-yleinen"],"acf":[],"aioseo_notices":[],"_links":{"self":[{"href":"https:\/\/rakastampere.fi\/jasenille\/wp-json\/wp\/v2\/posts\/1104","targetHints":{"allow":["GET"]}}],"collection":[{"href":"https:\/\/rakastampere.fi\/jasenille\/wp-json\/wp\/v2\/posts"}],"about":[{"href":"https:\/\/rakastampere.fi\/jasenille\/wp-json\/wp\/v2\/types\/post"}],"author":[{"embeddable":true,"href":"https:\/\/rakastampere.fi\/jasenille\/wp-json\/wp\/v2\/users\/5"}],"replies":[{"embeddable":true,"href":"https:\/\/rakastampere.fi\/jasenille\/wp-json\/wp\/v2\/comments?post=1104"}],"version-history":[{"count":1,"href":"https:\/\/rakastampere.fi\/jasenille\/wp-json\/wp\/v2\/posts\/1104\/revisions"}],"predecessor-version":[{"id":1105,"href":"https:\/\/rakastampere.fi\/jasenille\/wp-json\/wp\/v2\/posts\/1104\/revisions\/1105"}],"wp:featuredmedia":[{"embeddable":true,"href":"https:\/\/rakastampere.fi\/jasenille\/wp-json\/wp\/v2\/media\/1065"}],"wp:attachment":[{"href":"https:\/\/rakastampere.fi\/jasenille\/wp-json\/wp\/v2\/media?parent=1104"}],"wp:term":[{"taxonomy":"category","embeddable":true,"href":"https:\/\/rakastampere.fi\/jasenille\/wp-json\/wp\/v2\/categories?post=1104"},{"taxonomy":"post_tag","embeddable":true,"href":"https:\/\/rakastampere.fi\/jasenille\/wp-json\/wp\/v2\/tags?post=1104"}],"curies":[{"name":"wp","href":"https:\/\/api.w.org\/{rel}","templated":true}]}}