{"id":1067,"date":"2024-10-01T10:58:46","date_gmt":"2024-10-01T07:58:46","guid":{"rendered":"https:\/\/rakastampere.fi\/jasenille\/?p=1067"},"modified":"2024-10-01T10:59:32","modified_gmt":"2024-10-01T07:59:32","slug":"raatihuoneen-joulupuurot-2","status":"publish","type":"post","link":"https:\/\/rakastampere.fi\/jasenille\/raatihuoneen-joulupuurot-2\/","title":{"rendered":"Raatihuoneen joulupuurot"},"content":{"rendered":"\n<p>Kutsu Tampere Tunnetuksi ry:n j\u00e4senille Raatihuoneelle keskiviikkona 18.12.2024 kello 8.30 alkaen joulupuurotilaisuuteen. Tilaisuus p\u00e4\u00e4ttyy viimeist\u00e4\u00e4n kello 10.30.<\/p>\n\n\n\n<p>Ohjelmassa:<\/p>\n\n\n\n<ul class=\"wp-block-list\">\n<li>Vuoden J\u00e4senyrityksen 2024 julkistus, Tampere Tunnetuksi ry<\/li>\n\n\n\n<li>Ajankohtaiset kuulumiset, Tampereen kaupunki<\/li>\n\n\n\n<li>Verkostoitumista ja keskustelua ajankohtaisista asiosta<\/li>\n<\/ul>\n\n\n\n<p><strong>Tervetuloa!&nbsp;<\/strong><\/p>\n\n\n\n<p>Kutsu on kahdelle henkil\u00f6lle \/ j\u00e4senyritys.\u00a0<br>Tilaisuus on maksuton.<br>Ilmoittautuminen p\u00e4\u00e4ttyy 9.12. tai kun tilaisuus on t\u00e4ynn\u00e4. (tilaan mahtuu maksimissaan 90 henke\u00e4).<\/p>\n\n\n\n","protected":false},"excerpt":{"rendered":"<p>Kutsu Tampere Tunnetuksi ry:n j\u00e4senille Raatihuoneelle keskiviikkona 18.12.2024 kello 8.30 alkaen joulupuurotilaisuuteen. Tilaisuus p\u00e4\u00e4ttyy viimeist\u00e4\u00e4n kello 10.30. Ohjelmassa: Tervetuloa!&nbsp; Kutsu on kahdelle henkil\u00f6lle \/ j\u00e4senyritys.\u00a0Tilaisuus on maksuton.Ilmoittautuminen p\u00e4\u00e4ttyy 9.12. tai kun tilaisuus on t\u00e4ynn\u00e4. (tilaan mahtuu maksimissaan 90 henke\u00e4).<\/p>\n","protected":false},"author":4,"featured_media":1068,"comment_status":"open","ping_status":"open","sticky":false,"template":"","format":"standard","meta":{"_acf_changed":false,"content-type":"","footnotes":""},"categories":[1],"tags":[38,39,12],"class_list":["post-1067","post","type-post","status-publish","format-standard","has-post-thumbnail","hentry","category-yleinen","tag-jasentapahtuma","tag-keskustanyrityksille","tag-vuodenjasenyritys"],"acf":[],"aioseo_notices":[],"_links":{"self":[{"href":"https:\/\/rakastampere.fi\/jasenille\/wp-json\/wp\/v2\/posts\/1067","targetHints":{"allow":["GET"]}}],"collection":[{"href":"https:\/\/rakastampere.fi\/jasenille\/wp-json\/wp\/v2\/posts"}],"about":[{"href":"https:\/\/rakastampere.fi\/jasenille\/wp-json\/wp\/v2\/types\/post"}],"author":[{"embeddable":true,"href":"https:\/\/rakastampere.fi\/jasenille\/wp-json\/wp\/v2\/users\/4"}],"replies":[{"embeddable":true,"href":"https:\/\/rakastampere.fi\/jasenille\/wp-json\/wp\/v2\/comments?post=1067"}],"version-history":[{"count":2,"href":"https:\/\/rakastampere.fi\/jasenille\/wp-json\/wp\/v2\/posts\/1067\/revisions"}],"predecessor-version":[{"id":1070,"href":"https:\/\/rakastampere.fi\/jasenille\/wp-json\/wp\/v2\/posts\/1067\/revisions\/1070"}],"wp:featuredmedia":[{"embeddable":true,"href":"https:\/\/rakastampere.fi\/jasenille\/wp-json\/wp\/v2\/media\/1068"}],"wp:attachment":[{"href":"https:\/\/rakastampere.fi\/jasenille\/wp-json\/wp\/v2\/media?parent=1067"}],"wp:term":[{"taxonomy":"category","embeddable":true,"href":"https:\/\/rakastampere.fi\/jasenille\/wp-json\/wp\/v2\/categories?post=1067"},{"taxonomy":"post_tag","embeddable":true,"href":"https:\/\/rakastampere.fi\/jasenille\/wp-json\/wp\/v2\/tags?post=1067"}],"curies":[{"name":"wp","href":"https:\/\/api.w.org\/{rel}","templated":true}]}}