{"id":1052,"date":"2024-09-24T11:57:19","date_gmt":"2024-09-24T08:57:19","guid":{"rendered":"https:\/\/rakastampere.fi\/jasenille\/?p=1052"},"modified":"2024-10-03T11:11:43","modified_gmt":"2024-10-03T08:11:43","slug":"info-yrityksille-29-10-2024","status":"publish","type":"post","link":"https:\/\/rakastampere.fi\/jasenille\/info-yrityksille-29-10-2024\/","title":{"rendered":"Info yrityksille 29.10.2024"},"content":{"rendered":"\n<p>Tampere Tunnetuksi ry j\u00e4rjest\u00e4\u00e4 Tampereen keskustan yrityksille infotilaisuuden koskien Tampereen Henkil\u00f6ratapiha -rakennushankketta ja sen rakentamisen vaikutuksia. <\/p>\n\n\n\n<p>Hankkeen kotisivut: <a href=\"https:\/\/vayla.fi\/tampereen-henkiloratapiha\" target=\"_blank\" rel=\"noopener\" title=\"\">vayla.fi\/tampereen-henkiloratapiha<\/a><\/p>\n\n\n\n<p>Tilaisuudessa kuulemme yleiskatsauksen hankkeesta sek\u00e4 tietoa rakentamist\u00f6iden aloittamisesta ja j\u00e4rjestelyist\u00e4. Tilaisuudessa on mahdollisuus kysy\u00e4 hankkeen henkil\u00f6kunnalta kysymyksi\u00e4. Jos haluat l\u00e4hett\u00e4\u00e4 kysymyksesi jo etuk\u00e4teen siihen on paikka alla olevalla ilmoittautumislomakkeella.<\/p>\n\n\n\n<p>Tilaisuudessa l\u00e4sn\u00e4:<\/p>\n\n\n\n<p>projektip\u00e4\u00e4llikk\u00f6, <strong>Jetro Matilainen<\/strong><br>V\u00e4yl\u00e4virasto, Finnish Transport Infrastructure Agency (FTIA)<\/p>\n\n\n\n<p>Jussi Kiuru, Kreate Oy <br>Riina Siirtola, Kreate Oy<\/p>\n\n\n\n<p>Hanna Huotarinen, Tampereen kaupunki<\/p>\n\n\n\n<p><\/p>\n\n\n\n<p>Tarjolla kahvia.<\/p>\n\n\n\n<p>Tervetuloa! <br><\/p>\n\n\n\n<p><strong>KUTSU YRITYKSILLE<\/strong><br>HENKIL\u00d6RATAPIHA INFO<br><strong>Paikka:<\/strong> Museokeskus Vapriikin <a href=\"https:\/\/www.virtualtampere.com\/vapriikki\/auditorio\" target=\"_blank\" rel=\"noopener\" title=\"\">Auditorio<\/a> <br><strong>Aika: <\/strong>tiistai 29.10.2024 <br><strong>Kello:<\/strong> 8.30-10.30<\/p>\n\n\n\n\n\n\n<p>Kutsun kuva: Laura Vanzo.<\/p>\n","protected":false},"excerpt":{"rendered":"<p>Tampere Tunnetuksi ry j\u00e4rjest\u00e4\u00e4 Tampereen keskustan yrityksille infotilaisuuden koskien Tampereen Henkil\u00f6ratapiha -rakennushankketta ja sen rakentamisen vaikutuksia. Hankkeen kotisivut: vayla.fi\/tampereen-henkiloratapiha Tilaisuudessa kuulemme yleiskatsauksen hankkeesta sek\u00e4 tietoa rakentamist\u00f6iden aloittamisesta ja j\u00e4rjestelyist\u00e4. Tilaisuudessa on mahdollisuus kysy\u00e4 hankkeen henkil\u00f6kunnalta kysymyksi\u00e4. Jos haluat l\u00e4hett\u00e4\u00e4 kysymyksesi jo etuk\u00e4teen siihen on paikka alla olevalla ilmoittautumislomakkeella. Tilaisuudessa l\u00e4sn\u00e4: projektip\u00e4\u00e4llikk\u00f6, Jetro MatilainenV\u00e4yl\u00e4virasto, Finnish Transport [&hellip;]<\/p>\n","protected":false},"author":4,"featured_media":1053,"comment_status":"open","ping_status":"open","sticky":false,"template":"","format":"standard","meta":{"_acf_changed":false,"content-type":"","footnotes":""},"categories":[1],"tags":[],"class_list":["post-1052","post","type-post","status-publish","format-standard","has-post-thumbnail","hentry","category-yleinen"],"acf":[],"aioseo_notices":[],"_links":{"self":[{"href":"https:\/\/rakastampere.fi\/jasenille\/wp-json\/wp\/v2\/posts\/1052","targetHints":{"allow":["GET"]}}],"collection":[{"href":"https:\/\/rakastampere.fi\/jasenille\/wp-json\/wp\/v2\/posts"}],"about":[{"href":"https:\/\/rakastampere.fi\/jasenille\/wp-json\/wp\/v2\/types\/post"}],"author":[{"embeddable":true,"href":"https:\/\/rakastampere.fi\/jasenille\/wp-json\/wp\/v2\/users\/4"}],"replies":[{"embeddable":true,"href":"https:\/\/rakastampere.fi\/jasenille\/wp-json\/wp\/v2\/comments?post=1052"}],"version-history":[{"count":6,"href":"https:\/\/rakastampere.fi\/jasenille\/wp-json\/wp\/v2\/posts\/1052\/revisions"}],"predecessor-version":[{"id":1099,"href":"https:\/\/rakastampere.fi\/jasenille\/wp-json\/wp\/v2\/posts\/1052\/revisions\/1099"}],"wp:featuredmedia":[{"embeddable":true,"href":"https:\/\/rakastampere.fi\/jasenille\/wp-json\/wp\/v2\/media\/1053"}],"wp:attachment":[{"href":"https:\/\/rakastampere.fi\/jasenille\/wp-json\/wp\/v2\/media?parent=1052"}],"wp:term":[{"taxonomy":"category","embeddable":true,"href":"https:\/\/rakastampere.fi\/jasenille\/wp-json\/wp\/v2\/categories?post=1052"},{"taxonomy":"post_tag","embeddable":true,"href":"https:\/\/rakastampere.fi\/jasenille\/wp-json\/wp\/v2\/tags?post=1052"}],"curies":[{"name":"wp","href":"https:\/\/api.w.org\/{rel}","templated":true}]}}