{"id":1043,"date":"2024-09-24T10:01:28","date_gmt":"2024-09-24T07:01:28","guid":{"rendered":"https:\/\/rakastampere.fi\/jasenille\/?p=1043"},"modified":"2024-10-01T12:37:18","modified_gmt":"2024-10-01T09:37:18","slug":"saantomaarainen-vuosikokous","status":"publish","type":"post","link":"https:\/\/rakastampere.fi\/jasenille\/saantomaarainen-vuosikokous\/","title":{"rendered":"S\u00e4\u00e4nt\u00f6m\u00e4\u00e4r\u00e4inen vuosikokous 23.10.2024"},"content":{"rendered":"\n<p>Ilmoittaudu mukaan Tampere Tunnetuksi ry:n s\u00e4\u00e4nt\u00f6m\u00e4\u00e4r\u00e4iseen vuosikokoukseen Tampereen Komediateatterille.<\/p>\n\n\n\n<p>Kokouksessa hyv\u00e4ksyt\u00e4\u00e4n vuoden 2023 tilinp\u00e4\u00e4t\u00f6s, vuoden 2025 toiminta- ja taloussuunnitelma ja valitaan yhdistyksen hallituksen j\u00e4senet.<\/p>\n\n\n\n<p><strong>Tarjolla tietenkin katsaus ajankohtaisiin asioihin ja tarjolla aamukahvit.<\/strong><\/p>\n\n\n\n<p>Tervetuloa vaikuttamaan Tampereen ydinkeskustayhdistyksen toimintaan hyv\u00e4ll\u00e4 mielell\u00e4! <\/p>\n\n\n\n<p>Lis\u00e4tietoja toiminnanjohtajalta.  <\/p>\n\n\n\n<p>&#8212;&#8212;&#8212;&#8212;&#8212;&#8212;&#8212;&#8211;<\/p>\n\n\n\n<p><strong>ILMOITTAUDU MUKAAN:<\/strong><\/p>\n\n\n\n","protected":false},"excerpt":{"rendered":"<p>Ilmoittaudu mukaan Tampere Tunnetuksi ry:n s\u00e4\u00e4nt\u00f6m\u00e4\u00e4r\u00e4iseen vuosikokoukseen Tampereen Komediateatterille. Kokouksessa hyv\u00e4ksyt\u00e4\u00e4n vuoden 2023 tilinp\u00e4\u00e4t\u00f6s, vuoden 2025 toiminta- ja taloussuunnitelma ja valitaan yhdistyksen hallituksen j\u00e4senet. Tarjolla tietenkin katsaus ajankohtaisiin asioihin ja tarjolla aamukahvit. Tervetuloa vaikuttamaan Tampereen ydinkeskustayhdistyksen toimintaan hyv\u00e4ll\u00e4 mielell\u00e4! Lis\u00e4tietoja toiminnanjohtajalta. &#8212;&#8212;&#8212;&#8212;&#8212;&#8212;&#8212;&#8211; ILMOITTAUDU MUKAAN:<\/p>\n","protected":false},"author":4,"featured_media":338,"comment_status":"open","ping_status":"open","sticky":false,"template":"","format":"standard","meta":{"_acf_changed":false,"content-type":"","footnotes":""},"categories":[1],"tags":[37,36],"class_list":["post-1043","post","type-post","status-publish","format-standard","has-post-thumbnail","hentry","category-yleinen","tag-toimintasuunnitelma","tag-vuosikokous"],"acf":[],"aioseo_notices":[],"_links":{"self":[{"href":"https:\/\/rakastampere.fi\/jasenille\/wp-json\/wp\/v2\/posts\/1043","targetHints":{"allow":["GET"]}}],"collection":[{"href":"https:\/\/rakastampere.fi\/jasenille\/wp-json\/wp\/v2\/posts"}],"about":[{"href":"https:\/\/rakastampere.fi\/jasenille\/wp-json\/wp\/v2\/types\/post"}],"author":[{"embeddable":true,"href":"https:\/\/rakastampere.fi\/jasenille\/wp-json\/wp\/v2\/users\/4"}],"replies":[{"embeddable":true,"href":"https:\/\/rakastampere.fi\/jasenille\/wp-json\/wp\/v2\/comments?post=1043"}],"version-history":[{"count":6,"href":"https:\/\/rakastampere.fi\/jasenille\/wp-json\/wp\/v2\/posts\/1043\/revisions"}],"predecessor-version":[{"id":1085,"href":"https:\/\/rakastampere.fi\/jasenille\/wp-json\/wp\/v2\/posts\/1043\/revisions\/1085"}],"wp:featuredmedia":[{"embeddable":true,"href":"https:\/\/rakastampere.fi\/jasenille\/wp-json\/wp\/v2\/media\/338"}],"wp:attachment":[{"href":"https:\/\/rakastampere.fi\/jasenille\/wp-json\/wp\/v2\/media?parent=1043"}],"wp:term":[{"taxonomy":"category","embeddable":true,"href":"https:\/\/rakastampere.fi\/jasenille\/wp-json\/wp\/v2\/categories?post=1043"},{"taxonomy":"post_tag","embeddable":true,"href":"https:\/\/rakastampere.fi\/jasenille\/wp-json\/wp\/v2\/tags?post=1043"}],"curies":[{"name":"wp","href":"https:\/\/api.w.org\/{rel}","templated":true}]}}